{"id":18629,"date":"2025-02-13T16:57:51","date_gmt":"2025-02-13T13:57:51","guid":{"rendered":"https:\/\/www.egemtv.com\/?p=18629"},"modified":"2025-02-13T16:57:54","modified_gmt":"2025-02-13T13:57:54","slug":"marmariste-milyonluk-motoryat-cayir-cayir-yandi","status":"publish","type":"post","link":"https:\/\/www.egemtv.com\/?p=18629","title":{"rendered":"Marmaris\u2019te milyonluk motoryat cay\u0131r cay\u0131r yand\u0131"},"content":{"rendered":"<p>Mu\u011fla\u2019n\u0131n Marmaris il\u00e7esi Yalanc\u0131bo\u011faz mevkiinde bir \u00f6zel marinada ba\u011fl\u0131 motoryat yanarak kullan\u0131lmaz hale geldi.<br \/>\n<br \/>Edinilen bilgiye g\u00f6re, a\u00e7\u0131kta demirli Nefes 16 isimli, 15 metrelik motoryatta hen\u00fcz belirlenemeyen bir sebeple yang\u0131n \u00e7\u0131kt\u0131. Alevlerin fark edilmesi \u00fczerine tekne hemen a\u00e7\u0131\u011fa al\u0131narak ekipler taraf\u0131ndan m\u00fcdahaleye ba\u015fland\u0131. Yang\u0131n s\u0131ras\u0131nda teknede kimsenin bulunmad\u0131\u011f\u0131 \u00f6\u011frenildi. \u00c7evredekilerin ihbar\u0131 \u00fczerine olay yerine il\u00e7e jandarma, itfaiye, G\u00fcney Ege Sahil G\u00fcvenlik Komutanl\u0131\u011f\u0131 ve sa\u011fl\u0131k ekipleri sevk edildi. Ekipler, yang\u0131n\u0131 kontrol alt\u0131na almak ve \u00e7evredeki di\u011fer teknelere s\u0131\u00e7ramas\u0131n\u0131 \u00f6nlemek i\u00e7in yo\u011fun \u00e7aba harcad\u0131.<br \/>\n<br \/>Yang\u0131na m\u00fcdahalede bulunan Halil \u0130brahim Karada\u011f, &#8220;San\u0131r\u0131m makine dairesinde ba\u015flad\u0131 yang\u0131n. En az 10 t\u00fcple m\u00fcdahale ettik ama s\u00f6nd\u00fcremedik, devam etti&#8221; dedi.<br \/>\n<br \/>Yang\u0131n nedeniyle kullan\u0131lmaz hale gelen motoryatta so\u011futma \u00e7al\u0131\u015fmalar\u0131 devam ederken, yang\u0131n\u0131n \u00e7\u0131k\u0131\u015f nedeni ile ilgili inceleme ba\u015flat\u0131ld\u0131.<br \/><\/p>\n","protected":false},"excerpt":{"rendered":"<p>Mu\u011fla\u2019n\u0131n Marmaris il\u00e7esi Yalanc\u0131bo\u011faz mevkiinde bir \u00f6zel marinada ba\u011fl\u0131 motoryat yanarak kullan\u0131lmaz hale geldi. Edinilen bilgiye g\u00f6re, a\u00e7\u0131kta demirli Nefes 16 isimli, 15 metrelik motoryatta hen\u00fcz belirlenemeyen bir sebeple yang\u0131n \u00e7\u0131kt\u0131. Alevlerin fark edilmesi \u00fczerine tekne hemen a\u00e7\u0131\u011fa al\u0131narak ekipler taraf\u0131ndan m\u00fcdahaleye ba\u015fland\u0131. Yang\u0131n s\u0131ras\u0131nda teknede kimsenin bulunmad\u0131\u011f\u0131 \u00f6\u011frenildi. \u00c7evredekilerin ihbar\u0131 \u00fczerine olay yerine il\u00e7e&#8230;<\/p>\n","protected":false},"author":1,"featured_media":18630,"comment_status":"open","ping_status":"open","sticky":false,"template":"","format":"standard","meta":{"_crdt_document":"","footnotes":""},"categories":[5],"tags":[],"class_list":["post-18629","post","type-post","status-publish","format-standard","has-post-thumbnail","hentry","category-asayis"],"_links":{"self":[{"href":"https:\/\/www.egemtv.com\/index.php?rest_route=\/wp\/v2\/posts\/18629","targetHints":{"allow":["GET"]}}],"collection":[{"href":"https:\/\/www.egemtv.com\/index.php?rest_route=\/wp\/v2\/posts"}],"about":[{"href":"https:\/\/www.egemtv.com\/index.php?rest_route=\/wp\/v2\/types\/post"}],"author":[{"embeddable":true,"href":"https:\/\/www.egemtv.com\/index.php?rest_route=\/wp\/v2\/users\/1"}],"replies":[{"embeddable":true,"href":"https:\/\/www.egemtv.com\/index.php?rest_route=%2Fwp%2Fv2%2Fcomments&post=18629"}],"version-history":[{"count":1,"href":"https:\/\/www.egemtv.com\/index.php?rest_route=\/wp\/v2\/posts\/18629\/revisions"}],"predecessor-version":[{"id":18631,"href":"https:\/\/www.egemtv.com\/index.php?rest_route=\/wp\/v2\/posts\/18629\/revisions\/18631"}],"wp:featuredmedia":[{"embeddable":true,"href":"https:\/\/www.egemtv.com\/index.php?rest_route=\/wp\/v2\/media\/18630"}],"wp:attachment":[{"href":"https:\/\/www.egemtv.com\/index.php?rest_route=%2Fwp%2Fv2%2Fmedia&parent=18629"}],"wp:term":[{"taxonomy":"category","embeddable":true,"href":"https:\/\/www.egemtv.com\/index.php?rest_route=%2Fwp%2Fv2%2Fcategories&post=18629"},{"taxonomy":"post_tag","embeddable":true,"href":"https:\/\/www.egemtv.com\/index.php?rest_route=%2Fwp%2Fv2%2Ftags&post=18629"}],"curies":[{"name":"wp","href":"https:\/\/api.w.org\/{rel}","templated":true}]}}