{"id":18626,"date":"2025-02-13T16:43:14","date_gmt":"2025-02-13T13:43:14","guid":{"rendered":"https:\/\/www.egemtv.com\/?p=18626"},"modified":"2025-02-13T16:43:18","modified_gmt":"2025-02-13T13:43:18","slug":"ak-parti-manisa-il-baskani-turguttan-birlik-beraberlik-vurgusu","status":"publish","type":"post","link":"https:\/\/www.egemtv.com\/?p=18626","title":{"rendered":"AK Parti Manisa \u0130l Ba\u015fkan\u0131 Turgut\u2019tan birlik beraberlik vurgusu"},"content":{"rendered":"<p>AK Parti\u2019nin yeni Manisa \u0130l Ba\u015fkan\u0131 S\u00fcleyman Turgut, Manisa\u2019ya hizmet etme noktas\u0131nda t\u00fcm milletvekilleri ve \u2019Vefa Grubu\u2019 diye adland\u0131rd\u0131klar\u0131 \u00f6nceki il, il\u00e7e y\u00f6neticileri ve partililer ile bir araya gelerek, birlik beraberlik i\u00e7erisinde yeni bir yol haritas\u0131 belirleyeceklerini s\u00f6yledi.<br \/>\n<br \/>Ge\u00e7ti\u011fimiz g\u00fcnlerde ger\u00e7ekle\u015ftirilen kongrede AK Parti Manisa \u0130l Ba\u015fkanl\u0131\u011f\u0131 g\u00f6revine se\u00e7ilen S\u00fcleyman Turgut ve y\u00f6netimi, yine ge\u00e7ti\u011fimiz aral\u0131k ay\u0131nda g\u00f6reve se\u00e7ilen Manisa Gazeteciler Cemiyeti Ba\u015fkan\u0131 \u00d6nder Ayd\u0131n ve y\u00f6netimini ziyaret etti. Her iki ba\u015fkan\u0131n birbirlerine &#8220;Hay\u0131rl\u0131 olsun&#8221; dileklerini sunmas\u0131n\u0131n ard\u0131ndan AK Parti Manisa \u0130l Ba\u015fkan\u0131 S\u00fcleyman Turgut, gazetecilerin g\u00fcndeme ili\u015fkin sorular\u0131n\u0131 yan\u0131tlad\u0131. Manisa\u2019ya hizmet etme noktas\u0131nda t\u00fcm milletvekilleri ve \u2019Vefa Grubu\u2019 diye adland\u0131rd\u0131klar\u0131 \u00f6nceki il, il\u00e7e y\u00f6neticileri ve partililer ile bir araya gelerek, birlik beraberlik i\u00e7erisinde yeni bir yol haritas\u0131 belirleyeceklerini s\u00f6yledi. Turgut, &#8220;Her ay vekillerimizde burada oldu\u011fu bir zamanda toplant\u0131 yap\u0131p neler yapt\u0131k, neler yapaca\u011f\u0131m\u0131z bunlar\u0131 ele alaca\u011f\u0131z. Her ay d\u00fczenli olarak bas\u0131n mensuplar\u0131m\u0131z\u0131n kar\u015f\u0131s\u0131na \u00e7\u0131k\u0131p yapt\u0131\u011f\u0131m\u0131z \u00e7al\u0131\u015fmalar\u0131 anlataca\u011f\u0131z. Onlardan gelen ele\u015ftirileri dinleyece\u011fiz. Yanl\u0131\u015f bir yere gidiyorsak kendimizi d\u00fczeltmek ad\u0131na elimizden geleni ortaya koyaca\u011f\u0131z. Onun i\u00e7in bu toplant\u0131lar bizim k\u0131ymetli&#8221; dedi.<br \/>\n<br \/>Manisa genelinde yakla\u015f\u0131k 44 milyar TL\u2019lik bir kamu yat\u0131r\u0131m\u0131n\u0131n devam etti\u011fini a\u00e7\u0131klayan Turgut, &#8220;Bir \u00f6zele\u015ftiri yapmak gerekiyorsa e\u011fer bu yat\u0131r\u0131mlardan ne yaz\u0131k ki \u00e7o\u011fu insan\u0131n haberi yok. Bir il\u00e7ede spor yat\u0131r\u0131mlar\u0131 yap\u0131l\u0131yor, bir\u00e7ok bran\u015f\u0131 i\u00e7erisinde bar\u0131nd\u0131r\u0131yor ama o il\u00e7edeki insanlar\u0131n o yat\u0131r\u0131mdan haberi yok. Biz bu konudaki eksi\u011fimizi kapatmak ad\u0131na kendimizi daha iyi anlatmak ad\u0131na hem vatanda\u015flar\u0131m\u0131zla hem de bas\u0131nla s\u00fcrekli bir araya gelece\u011fiz. Gediz K\u00f6pr\u00fcl\u00fc Kav\u015fa\u011f\u0131 projesi kamula\u015ft\u0131rmayla beraber 1,5 milyar TL\u2019lik bir yat\u0131r\u0131m. Bu kav\u015fakla ilgili Ula\u015ft\u0131rma Bakan\u0131m\u0131zla g\u00f6r\u00fc\u015ft\u00fcm. Buras\u0131 s\u0131radan bir kav\u015fak olmayacak. Buras\u0131 tamamland\u0131\u011f\u0131nda trafik sorununu b\u00fcy\u00fck \u00f6l\u00e7\u00fcde rahatlatacak&#8221; dedi.<br \/>\n<br \/>T\u00fcm belediyelerle uyumlu bir \u00e7al\u0131\u015fma y\u00fcr\u00fcteceklerinin de vurgusunu yapan Turgut, &#8220;Se\u00e7im bitti. Manisa B\u00fcy\u00fck\u015fehir Belediye Ba\u015fkan\u0131 olarak Ferdi Zeyrek se\u00e7ildi. Belediyelerin yapaca\u011f\u0131 hizmetler var, h\u00fck\u00fcmetin yapaca\u011f\u0131 hizmetler var. Biz bu kesi\u015fen noktada hizmet \u00fcretece\u011fiz. Hangi partiden olursa olsun hi\u00e7bir ayr\u0131m yapmadan Manisa yarar\u0131na yap\u0131lmas\u0131 gereken ne varsa elimizi ta\u015f\u0131n alt\u0131na koyaca\u011f\u0131m\u0131zdan kimsenin \u015f\u00fcphesi olmas\u0131n. \u00d6nemli olan Manisa\u2019ya, vatanda\u015flar\u0131m\u0131za en iyi hizmeti ula\u015ft\u0131rmak. Amac\u0131m\u0131z bize verilen s\u00fcre i\u00e7erisinde hizmetlerimizi yapmak, g\u00f6k kubbede ho\u015f bir seda b\u0131rakmak. Yolumuz milletimize hizmet etme yoludur. Cumhurba\u015fkan\u0131m\u0131zla beraber T\u00fcrkiye\u2019mizin geli\u015fimine katk\u0131 sunmaya devam edece\u011fiz&#8221; diye konu\u015ftu.<br \/>\n<br \/>Bas\u0131n\u0131n sorunlar\u0131n\u0131 ve taleplerini de yak\u0131ndan bildiklerini dile getiren Turgut, hem h\u00fck\u00fcmet nezdinde hem de Manisa \u00f6l\u00e7e\u011finde bas\u0131n mensuplar\u0131 i\u00e7in ellerinden gelen her t\u00fcrl\u00fc deste\u011fi sa\u011flayacaklar\u0131n\u0131 ifade etti.<br \/>\n<br \/>Manisa Gazeteciler Cemiyeti Ba\u015fkan\u0131 \u00d6nder Ayd\u0131n ise Ba\u015fkan Turgut ve ekibine ger\u00e7ekle\u015ftirdi\u011fi ziyaretten dolay\u0131 te\u015fekk\u00fcr ederek, bas\u0131n\u0131n sorun ve taleplerini dile getirdi.<br \/><\/p>\n","protected":false},"excerpt":{"rendered":"<p>AK Parti\u2019nin yeni Manisa \u0130l Ba\u015fkan\u0131 S\u00fcleyman Turgut, Manisa\u2019ya hizmet etme noktas\u0131nda t\u00fcm milletvekilleri ve \u2019Vefa Grubu\u2019 diye adland\u0131rd\u0131klar\u0131 \u00f6nceki il, il\u00e7e y\u00f6neticileri ve partililer ile bir araya gelerek, birlik beraberlik i\u00e7erisinde yeni bir yol haritas\u0131 belirleyeceklerini s\u00f6yledi. Ge\u00e7ti\u011fimiz g\u00fcnlerde ger\u00e7ekle\u015ftirilen kongrede AK Parti Manisa \u0130l Ba\u015fkanl\u0131\u011f\u0131 g\u00f6revine se\u00e7ilen S\u00fcleyman Turgut ve y\u00f6netimi, yine ge\u00e7ti\u011fimiz&#8230;<\/p>\n","protected":false},"author":1,"featured_media":18627,"comment_status":"open","ping_status":"open","sticky":false,"template":"","format":"standard","meta":{"_crdt_document":"","footnotes":""},"categories":[127],"tags":[],"class_list":["post-18626","post","type-post","status-publish","format-standard","has-post-thumbnail","hentry","category-siyaset"],"_links":{"self":[{"href":"https:\/\/www.egemtv.com\/index.php?rest_route=\/wp\/v2\/posts\/18626","targetHints":{"allow":["GET"]}}],"collection":[{"href":"https:\/\/www.egemtv.com\/index.php?rest_route=\/wp\/v2\/posts"}],"about":[{"href":"https:\/\/www.egemtv.com\/index.php?rest_route=\/wp\/v2\/types\/post"}],"author":[{"embeddable":true,"href":"https:\/\/www.egemtv.com\/index.php?rest_route=\/wp\/v2\/users\/1"}],"replies":[{"embeddable":true,"href":"https:\/\/www.egemtv.com\/index.php?rest_route=%2Fwp%2Fv2%2Fcomments&post=18626"}],"version-history":[{"count":1,"href":"https:\/\/www.egemtv.com\/index.php?rest_route=\/wp\/v2\/posts\/18626\/revisions"}],"predecessor-version":[{"id":18628,"href":"https:\/\/www.egemtv.com\/index.php?rest_route=\/wp\/v2\/posts\/18626\/revisions\/18628"}],"wp:featuredmedia":[{"embeddable":true,"href":"https:\/\/www.egemtv.com\/index.php?rest_route=\/wp\/v2\/media\/18627"}],"wp:attachment":[{"href":"https:\/\/www.egemtv.com\/index.php?rest_route=%2Fwp%2Fv2%2Fmedia&parent=18626"}],"wp:term":[{"taxonomy":"category","embeddable":true,"href":"https:\/\/www.egemtv.com\/index.php?rest_route=%2Fwp%2Fv2%2Fcategories&post=18626"},{"taxonomy":"post_tag","embeddable":true,"href":"https:\/\/www.egemtv.com\/index.php?rest_route=%2Fwp%2Fv2%2Ftags&post=18626"}],"curies":[{"name":"wp","href":"https:\/\/api.w.org\/{rel}","templated":true}]}}