{"id":18623,"date":"2025-02-13T16:41:11","date_gmt":"2025-02-13T13:41:11","guid":{"rendered":"https:\/\/www.egemtv.com\/?p=18623"},"modified":"2025-02-13T16:41:16","modified_gmt":"2025-02-13T13:41:16","slug":"kibris-gazisi-kemalpasada-topraga-verildi","status":"publish","type":"post","link":"https:\/\/www.egemtv.com\/?p=18623","title":{"rendered":"K\u0131br\u0131s Gazisi Kemalpa\u015fa\u2019da topra\u011fa verildi"},"content":{"rendered":"<p>\u0130zmir\u2019in Kemalpa\u015fa il\u00e7esinde, hayat\u0131n\u0131 kaybeden 72 ya\u015f\u0131ndaki K\u0131br\u0131s Gazisi Nejdet \u00c7akmak\u2019\u0131n cenazesi topra\u011fa verildi.<br \/>\n<br \/>Kemalpa\u015fa\u2019n\u0131n A\u015fa\u011f\u0131k\u0131z\u0131lca Mahallesi\u2019nde ya\u015fayan 72 ya\u015f\u0131ndaki K\u0131br\u0131s Gazisi Nejdet \u00c7akmak, bir s\u00fcre \u00f6nce rahats\u0131zlanarak Ege \u00dcniversitesi Hastanesi\u2019ne kald\u0131r\u0131ld\u0131. Zat\u00fcrre te\u015fhisi konularak yo\u011fun bak\u0131ma al\u0131nan Gazi \u00c7akmak, 11 \u015eubatta tedavi g\u00f6rd\u00fc\u011f\u00fc hastanede hayat\u0131n\u0131 kaybetti.<br \/>\n<br \/>Kemalpa\u015fa\u2019n\u0131n A\u015fa\u011f\u0131k\u0131z\u0131lca Mahallesi\u2019nde \u00f6\u011fle namaz\u0131n\u0131 m\u00fcteakip d\u00fczenlenen askeri t\u00f6renle, 72 ya\u015f\u0131nda vefat eden K\u0131br\u0131s Gazisi Nejdet \u00c7akmak\u2019\u0131n cenazesi topra\u011fa verildi. D\u00fczenlenen cenaze t\u00f6renine Kemalpa\u015fa Kaymakam\u0131 Musa Sar\u0131, Belediye Ba\u015fkan\u0131 Mehmet T\u00fcrkmen, AK Parti Kemalpa\u015fa \u0130l\u00e7e Ba\u015fkan\u0131 Metin Ya\u015far, CHP \u0130l\u00e7e Ba\u015fkan\u0131 Ahmet Y\u0131lmaz ile Ege Ordu Komutanl\u0131\u011f\u0131 personeli, gazinin ailesi ve vatanda\u015flar kat\u0131ld\u0131.<br \/>\n<br \/>Cenaze t\u00f6reninde Gazi \u00c7akmak\u2019\u0131n tabutu \u00fczerindeki T\u00fcrk Bayra\u011f\u0131, Kemalpa\u015fa Kaymakam\u0131 Musa Sar\u0131 taraf\u0131ndan gazinin o\u011flu Fatih \u00c7akmak\u2019a takdim edildi.<br \/><\/p>\n","protected":false},"excerpt":{"rendered":"<p>\u0130zmir\u2019in Kemalpa\u015fa il\u00e7esinde, hayat\u0131n\u0131 kaybeden 72 ya\u015f\u0131ndaki K\u0131br\u0131s Gazisi Nejdet \u00c7akmak\u2019\u0131n cenazesi topra\u011fa verildi. Kemalpa\u015fa\u2019n\u0131n A\u015fa\u011f\u0131k\u0131z\u0131lca Mahallesi\u2019nde ya\u015fayan 72 ya\u015f\u0131ndaki K\u0131br\u0131s Gazisi Nejdet \u00c7akmak, bir s\u00fcre \u00f6nce rahats\u0131zlanarak Ege \u00dcniversitesi Hastanesi\u2019ne kald\u0131r\u0131ld\u0131. Zat\u00fcrre te\u015fhisi konularak yo\u011fun bak\u0131ma al\u0131nan Gazi \u00c7akmak, 11 \u015eubatta tedavi g\u00f6rd\u00fc\u011f\u00fc hastanede hayat\u0131n\u0131 kaybetti. Kemalpa\u015fa\u2019n\u0131n A\u015fa\u011f\u0131k\u0131z\u0131lca Mahallesi\u2019nde \u00f6\u011fle namaz\u0131n\u0131 m\u00fcteakip d\u00fczenlenen askeri&#8230;<\/p>\n","protected":false},"author":1,"featured_media":18624,"comment_status":"open","ping_status":"open","sticky":false,"template":"","format":"standard","meta":{"_crdt_document":"","footnotes":""},"categories":[1],"tags":[],"class_list":["post-18623","post","type-post","status-publish","format-standard","has-post-thumbnail","hentry","category-guncel"],"_links":{"self":[{"href":"https:\/\/www.egemtv.com\/index.php?rest_route=\/wp\/v2\/posts\/18623","targetHints":{"allow":["GET"]}}],"collection":[{"href":"https:\/\/www.egemtv.com\/index.php?rest_route=\/wp\/v2\/posts"}],"about":[{"href":"https:\/\/www.egemtv.com\/index.php?rest_route=\/wp\/v2\/types\/post"}],"author":[{"embeddable":true,"href":"https:\/\/www.egemtv.com\/index.php?rest_route=\/wp\/v2\/users\/1"}],"replies":[{"embeddable":true,"href":"https:\/\/www.egemtv.com\/index.php?rest_route=%2Fwp%2Fv2%2Fcomments&post=18623"}],"version-history":[{"count":1,"href":"https:\/\/www.egemtv.com\/index.php?rest_route=\/wp\/v2\/posts\/18623\/revisions"}],"predecessor-version":[{"id":18625,"href":"https:\/\/www.egemtv.com\/index.php?rest_route=\/wp\/v2\/posts\/18623\/revisions\/18625"}],"wp:featuredmedia":[{"embeddable":true,"href":"https:\/\/www.egemtv.com\/index.php?rest_route=\/wp\/v2\/media\/18624"}],"wp:attachment":[{"href":"https:\/\/www.egemtv.com\/index.php?rest_route=%2Fwp%2Fv2%2Fmedia&parent=18623"}],"wp:term":[{"taxonomy":"category","embeddable":true,"href":"https:\/\/www.egemtv.com\/index.php?rest_route=%2Fwp%2Fv2%2Fcategories&post=18623"},{"taxonomy":"post_tag","embeddable":true,"href":"https:\/\/www.egemtv.com\/index.php?rest_route=%2Fwp%2Fv2%2Ftags&post=18623"}],"curies":[{"name":"wp","href":"https:\/\/api.w.org\/{rel}","templated":true}]}}