{"id":18620,"date":"2025-02-13T16:37:02","date_gmt":"2025-02-13T13:37:02","guid":{"rendered":"https:\/\/www.egemtv.com\/?p=18620"},"modified":"2025-02-13T16:37:07","modified_gmt":"2025-02-13T13:37:07","slug":"ispartada-kayip-olarak-aranan-16-yasindaki-cocuk-olu-bulundu","status":"publish","type":"post","link":"https:\/\/www.egemtv.com\/?p=18620","title":{"rendered":"Isparta\u2019da kay\u0131p olarak aranan 16 ya\u015f\u0131ndaki \u00e7ocuk \u00f6l\u00fc bulundu"},"content":{"rendered":"<p>Isparta\u2019n\u0131n Ke\u00e7iborlu il\u00e7esinde kaybolan 16 ya\u015f\u0131ndaki Kemal Aks\u00fczek ormanl\u0131k arazide \u00f6l\u00fc bulundu. Kemal Aks\u00fczek\u2019in cenazesi savc\u0131 ve olay yeri inceleme ekiplerinin \u00e7al\u0131\u015fmalar\u0131n\u0131n ard\u0131ndan otopsi yap\u0131lmak \u00fczere Isparta \u015eehir Hastanesi morguna kald\u0131r\u0131ld\u0131. Aks\u00fczek\u2019in \u00f6l\u00fcm nedeni, savc\u0131l\u0131k taraf\u0131ndan y\u00fcr\u00fct\u00fclen soru\u015fturma sonucunda belli olacak.<br \/>\n<br \/>Isparta\u2019n\u0131n Ke\u00e7iborlu il\u00e7esinde 10 \u015eubat tarihinde &#8220;ava gidiyorum&#8221; diyerek evden ayr\u0131lan ve bir daha kendisinden haber al\u0131namayan 16 ya\u015f\u0131ndaki Kemal Aks\u00fczek\u2019i bulmak i\u00e7in Isparta AFAD, Jandarma Arama Kurtarma Timleri, Jandarma K\u00f6pek Timi ve di\u011fer arama ekipleri seferber olurken arama \u00e7al\u0131\u015fmalar\u0131na termal dronlar, iz takip k\u00f6pekleri ve kadavra k\u00f6peklerinin yan\u0131 s\u0131ra aramalara Ayd\u0131n\u2019dan gelen jandarma insans\u0131z hava arac\u0131 da kat\u0131larak b\u00f6lge didik didik arand\u0131. \u00c7al\u0131\u015fmalar\u0131n 3\u2019\u00fcnc\u00fc g\u00fcn\u00fcnde ise b\u00f6lgeden ac\u0131 haber geldi. Arama kurtarma ekipleri Kemal Aks\u00fczek\u2019i K\u0131l\u0131\u00e7 K\u00f6y\u00fc yak\u0131nlar\u0131nda ormanl\u0131k arazide yerde hareketsiz \u015fekilde buldu. Sa\u011fl\u0131k ekiplerinin yapt\u0131\u011f\u0131 kontrollerde Aks\u00fczek\u2019in hayat\u0131n\u0131 kaybetti\u011fi belirlendi.<br \/>\n<br \/>Isparta Valisi Abdullah Erin ac\u0131 haber sonras\u0131 b\u00f6lgeye gelerek yetkililerden bilgi ald\u0131ktan sonra yapt\u0131\u011f\u0131 a\u00e7\u0131klamada, &#8220;Bug\u00fcn saat 13.42 itibariyle \u00e7ocu\u011fumuzun maalesef cans\u0131z bedenine ula\u015ft\u0131k. Ben evlad\u0131m\u0131za cenab\u0131 Allahtan rahmet diliyorum. Ailesine, Isparta\u2019m\u0131za ba\u015fsa\u011fl\u0131\u011f\u0131 dileklerimi iletiyorum. Pazartesi g\u00fcn\u00fc ak\u015fam Isparta Valisi Abdullah Erin, ac\u0131 haberin ard\u0131ndan b\u00f6lgeye gelerek yetkililerden bilgi ald\u0131. Yapt\u0131\u011f\u0131 a\u00e7\u0131klamada, &#8220;Bug\u00fcn saat 13.42 itibar\u0131yla maalesef \u00e7ocu\u011fumuzun cans\u0131z bedenine ula\u015ft\u0131k. Evlad\u0131m\u0131za Cenab-\u0131 Allah\u2019tan rahmet diliyorum. Ailesine ve Isparta halk\u0131na ba\u015fsa\u011fl\u0131\u011f\u0131 dileklerimi iletiyorum&#8221; dedi.<br \/>\n<br \/>Vali Erin, &#8220;Pazartesi g\u00fcn\u00fc saat 21.30 s\u0131ralar\u0131nda gelen kay\u0131p ihbar\u0131n\u0131n ard\u0131ndan, saat 22.00 itibar\u0131yla AFAD, jandarma, emniyet ekiplerimiz, kaymakaml\u0131k ve ilgili kamu kurumlar\u0131n\u0131n personelini b\u00f6lgeye sevk ederek arama \u00e7al\u0131\u015fmalar\u0131na ba\u015flad\u0131k. \u00c7al\u0131\u015fmalar sabaha kadar devam etti. \u0130kinci g\u00fcn ise arama sahas\u0131n\u0131 geni\u015fleterek 50 bin d\u00f6n\u00fcmden b\u00fcy\u00fck bir alan\u0131 tarad\u0131k. Bu s\u00fcre\u00e7te \u0130\u00e7i\u015fleri Bakan\u0131m\u0131z \u00e7al\u0131\u015fmalar\u0131 yak\u0131ndan takip etti. Jandarma Genel Komutanl\u0131\u011f\u0131 ve Emniyet Genel M\u00fcd\u00fcrl\u00fc\u011f\u00fc ile koordineli bir \u015fekilde Antalya ve Afyon illerimizden AFAD ekiplerini, gerekli teknolojik cihazlar\u0131 ve \u0130HA\u2019lar\u0131 b\u00f6lgeye y\u00f6nlendirdik. G\u00fcnl\u00fck ortalama 150 jandarma, AFAD, emniyet ve Orman Genel M\u00fcd\u00fcrl\u00fc\u011f\u00fc ile Milli E\u011fitim Bakanl\u0131\u011f\u0131ndan uzman ekiplerin yan\u0131 s\u0131ra 30-40 g\u00f6n\u00fcll\u00fc de arama \u00e7al\u0131\u015fmalar\u0131na kat\u0131ld\u0131. Eme\u011fi ge\u00e7en herkese te\u015fekk\u00fcr ediyorum. Tek dile\u011fimiz \u00e7ocu\u011fumuza sa\u011f salim ula\u015fmakt\u0131. Son ana kadar bu umudu koruyarak elimizden gelen gayreti g\u00f6sterdik. Ancak ne yaz\u0131k ki belirtti\u011fim saatte \u00e7ocu\u011fumuzun cans\u0131z bedenine ula\u015ft\u0131k. Ke\u00e7iborlu Savc\u0131l\u0131\u011f\u0131 ve Ba\u015fsavc\u0131l\u0131\u011f\u0131m\u0131z olay\u0131n ilk an\u0131ndan itibaren s\u00fcreci yak\u0131ndan takip etti. \u015eu anda da olay yeri inceleme ve adli soru\u015fturma kapsam\u0131nda \u00f6l\u00fcm nedenini belirlemek i\u00e7in \u00e7al\u0131\u015fmalar y\u00fcr\u00fct\u00fcl\u00fcyor. Bir kez daha evlad\u0131m\u0131za Allah\u2019tan rahmet, ailesine ve t\u00fcm Isparta halk\u0131na ba\u015fsa\u011fl\u0131\u011f\u0131 diliyorum. Hepimizin ba\u015f\u0131 sa\u011f olsun&#8221; ifadelerini kulland\u0131.<br \/>\n<br \/>Kemal Aks\u00fczek\u2019in cenazesi savc\u0131 ve olay yeri inceleme ekiplerinin \u00e7al\u0131\u015fmalar\u0131n\u0131n ard\u0131ndan otopsi yap\u0131lmak \u00fczere Isparta \u015eehir Hastanesi morguna kald\u0131r\u0131ld\u0131. Aks\u00fczek\u2019in \u00f6l\u00fcm\u00fcyle ilgili intihar \u015f\u00fcphesi \u00fczerinde duruldu\u011fu, kesin \u00f6l\u00fcm nedeninin yap\u0131lacak otopsinin ard\u0131ndan belirlenece\u011fi bildirildi.<br \/><\/p>\n","protected":false},"excerpt":{"rendered":"<p>Isparta\u2019n\u0131n Ke\u00e7iborlu il\u00e7esinde kaybolan 16 ya\u015f\u0131ndaki Kemal Aks\u00fczek ormanl\u0131k arazide \u00f6l\u00fc bulundu. Kemal Aks\u00fczek\u2019in cenazesi savc\u0131 ve olay yeri inceleme ekiplerinin \u00e7al\u0131\u015fmalar\u0131n\u0131n ard\u0131ndan otopsi yap\u0131lmak \u00fczere Isparta \u015eehir Hastanesi morguna kald\u0131r\u0131ld\u0131. Aks\u00fczek\u2019in \u00f6l\u00fcm nedeni, savc\u0131l\u0131k taraf\u0131ndan y\u00fcr\u00fct\u00fclen soru\u015fturma sonucunda belli olacak. Isparta\u2019n\u0131n Ke\u00e7iborlu il\u00e7esinde 10 \u015eubat tarihinde &#8220;ava gidiyorum&#8221; diyerek evden ayr\u0131lan ve bir daha&#8230;<\/p>\n","protected":false},"author":1,"featured_media":18621,"comment_status":"open","ping_status":"open","sticky":false,"template":"","format":"standard","meta":{"_crdt_document":"","footnotes":""},"categories":[5],"tags":[],"class_list":["post-18620","post","type-post","status-publish","format-standard","has-post-thumbnail","hentry","category-asayis"],"_links":{"self":[{"href":"https:\/\/www.egemtv.com\/index.php?rest_route=\/wp\/v2\/posts\/18620","targetHints":{"allow":["GET"]}}],"collection":[{"href":"https:\/\/www.egemtv.com\/index.php?rest_route=\/wp\/v2\/posts"}],"about":[{"href":"https:\/\/www.egemtv.com\/index.php?rest_route=\/wp\/v2\/types\/post"}],"author":[{"embeddable":true,"href":"https:\/\/www.egemtv.com\/index.php?rest_route=\/wp\/v2\/users\/1"}],"replies":[{"embeddable":true,"href":"https:\/\/www.egemtv.com\/index.php?rest_route=%2Fwp%2Fv2%2Fcomments&post=18620"}],"version-history":[{"count":1,"href":"https:\/\/www.egemtv.com\/index.php?rest_route=\/wp\/v2\/posts\/18620\/revisions"}],"predecessor-version":[{"id":18622,"href":"https:\/\/www.egemtv.com\/index.php?rest_route=\/wp\/v2\/posts\/18620\/revisions\/18622"}],"wp:featuredmedia":[{"embeddable":true,"href":"https:\/\/www.egemtv.com\/index.php?rest_route=\/wp\/v2\/media\/18621"}],"wp:attachment":[{"href":"https:\/\/www.egemtv.com\/index.php?rest_route=%2Fwp%2Fv2%2Fmedia&parent=18620"}],"wp:term":[{"taxonomy":"category","embeddable":true,"href":"https:\/\/www.egemtv.com\/index.php?rest_route=%2Fwp%2Fv2%2Fcategories&post=18620"},{"taxonomy":"post_tag","embeddable":true,"href":"https:\/\/www.egemtv.com\/index.php?rest_route=%2Fwp%2Fv2%2Ftags&post=18620"}],"curies":[{"name":"wp","href":"https:\/\/api.w.org\/{rel}","templated":true}]}}