{"id":1856,"date":"2025-01-03T12:26:33","date_gmt":"2025-01-03T09:26:33","guid":{"rendered":"https:\/\/www.egemtv.com\/?p=1856"},"modified":"2025-01-03T14:07:15","modified_gmt":"2025-01-03T11:07:15","slug":"kontrolden-cikan-otomobil-kanala-uctu-2-yarali","status":"publish","type":"post","link":"https:\/\/www.egemtv.com\/?p=1856","title":{"rendered":"Kontrolden \u00e7\u0131kan otomobil, kanala u\u00e7tu: 2 yaral\u0131"},"content":{"rendered":"<p>Ayd\u0131n\u2019\u0131n S\u00f6ke il\u00e7esinde bir otomobilin kurutma kanal\u0131na u\u00e7mas\u0131 sonucu meydana gelen kaza sonras\u0131nda otomobilde s\u0131k\u0131\u015fan s\u00fcr\u00fcc\u00fc ve yolcunun imdad\u0131na itfaiye ekipleri yeti\u015fti.<\/p>\n<p>Kaza, Sar\u0131kemer Mahallesi\u2019nde meydana geldi. Edinilen bilgiye g\u00f6re 35 MB 6455 plakal\u0131 otomobilin, hen\u00fcz bilinmeyen bir nedenle direksiyon hakimiyeti kayboldu. Kontrolden \u00e7\u0131kan otomobil, yol kenar\u0131nda bulunan kanala u\u00e7tu. \u015eof\u00f6r ve yolcu konumundaki bir ki\u015fi, ara\u00e7ta s\u0131k\u0131\u015farak yaraland\u0131. Kazay\u0131 g\u00f6renler durumu 112 Acil \u00c7a\u011fr\u0131 Merkezi\u2019ne bildirdi. \u0130hbar \u00fczerine b\u00f6lgeye jandarma, itfaiye ve sa\u011fl\u0131k ekipleri sevk edildi. K\u0131sa s\u00fcrede olay yerine gelen Ayd\u0131n B\u00fcy\u00fck\u015fehir Belediyesi \u0130tfaiye Daire Ba\u015fkanl\u0131\u011f\u0131 ekipleri, ara\u00e7ta s\u0131k\u0131\u015fan yaral\u0131lar\u0131 kurtarmak i\u00e7in adeta zamanla yar\u0131\u015ft\u0131. \u0130tfaiyenin yo\u011fun \u00e7abas\u0131n\u0131n ard\u0131ndan kurtar\u0131lan yaral\u0131lar, sa\u011fl\u0131k ekiplerinin ilk m\u00fcdahalelerinin ard\u0131ndan ambulansla hastaneye kald\u0131r\u0131ld\u0131.<\/p>\n<p>Yaral\u0131lar\u0131n sa\u011fl\u0131k durumlar\u0131n\u0131n ciddiyetini korudu\u011fu \u00f6\u011frenilirken, kaza ile ilgili inceleme ba\u015flat\u0131ld\u0131.<br \/>\n<br \/><div id='gallery-1' class='gallery galleryid-1856 gallery-columns-3 gallery-size-thumbnail'><figure class='gallery-item'>\n\t\t\t<div class='gallery-icon portrait'>\n\t\t\t\t<a href='https:\/\/www.egemtv.com\/?attachment_id=1964'><img decoding=\"async\" width=\"150\" height=\"150\" src=\"https:\/\/www.egemtv.com\/wp-content\/uploads\/2025\/01\/kontrolden-cikan-otomobil-kanala-uctu-2-yarali_714971419a79-150x150.jpg\" class=\"attachment-thumbnail size-thumbnail not-transparent\" alt=\"\" data-has-transparency=\"false\" data-dominant-color=\"50504c\" style=\"--dominant-color: #50504c;\" \/><\/a>\n\t\t\t<\/div><\/figure>\n\t\t<\/div>\n<\/p>\n","protected":false},"excerpt":{"rendered":"<p>Ayd\u0131n\u2019\u0131n S\u00f6ke il\u00e7esinde bir otomobilin kurutma kanal\u0131na u\u00e7mas\u0131 sonucu meydana gelen kaza sonras\u0131nda otomobilde s\u0131k\u0131\u015fan s\u00fcr\u00fcc\u00fc ve yolcunun imdad\u0131na itfaiye ekipleri yeti\u015fti. Kaza, Sar\u0131kemer Mahallesi\u2019nde meydana geldi. Edinilen bilgiye g\u00f6re 35 MB 6455 plakal\u0131 otomobilin, hen\u00fcz bilinmeyen bir nedenle direksiyon hakimiyeti kayboldu. Kontrolden \u00e7\u0131kan otomobil, yol kenar\u0131nda bulunan kanala u\u00e7tu. \u015eof\u00f6r ve yolcu konumundaki bir&#8230;<\/p>\n","protected":false},"author":1,"featured_media":1857,"comment_status":"open","ping_status":"open","sticky":false,"template":"","format":"standard","meta":{"_crdt_document":"","footnotes":""},"categories":[5],"tags":[],"class_list":["post-1856","post","type-post","status-publish","format-standard","has-post-thumbnail","hentry","category-asayis"],"_links":{"self":[{"href":"https:\/\/www.egemtv.com\/index.php?rest_route=\/wp\/v2\/posts\/1856","targetHints":{"allow":["GET"]}}],"collection":[{"href":"https:\/\/www.egemtv.com\/index.php?rest_route=\/wp\/v2\/posts"}],"about":[{"href":"https:\/\/www.egemtv.com\/index.php?rest_route=\/wp\/v2\/types\/post"}],"author":[{"embeddable":true,"href":"https:\/\/www.egemtv.com\/index.php?rest_route=\/wp\/v2\/users\/1"}],"replies":[{"embeddable":true,"href":"https:\/\/www.egemtv.com\/index.php?rest_route=%2Fwp%2Fv2%2Fcomments&post=1856"}],"version-history":[{"count":2,"href":"https:\/\/www.egemtv.com\/index.php?rest_route=\/wp\/v2\/posts\/1856\/revisions"}],"predecessor-version":[{"id":1965,"href":"https:\/\/www.egemtv.com\/index.php?rest_route=\/wp\/v2\/posts\/1856\/revisions\/1965"}],"wp:featuredmedia":[{"embeddable":true,"href":"https:\/\/www.egemtv.com\/index.php?rest_route=\/wp\/v2\/media\/1857"}],"wp:attachment":[{"href":"https:\/\/www.egemtv.com\/index.php?rest_route=%2Fwp%2Fv2%2Fmedia&parent=1856"}],"wp:term":[{"taxonomy":"category","embeddable":true,"href":"https:\/\/www.egemtv.com\/index.php?rest_route=%2Fwp%2Fv2%2Fcategories&post=1856"},{"taxonomy":"post_tag","embeddable":true,"href":"https:\/\/www.egemtv.com\/index.php?rest_route=%2Fwp%2Fv2%2Ftags&post=1856"}],"curies":[{"name":"wp","href":"https:\/\/api.w.org\/{rel}","templated":true}]}}