{"id":1853,"date":"2025-01-03T12:23:44","date_gmt":"2025-01-03T09:23:44","guid":{"rendered":"https:\/\/www.egemtv.com\/?p=1853"},"modified":"2025-01-03T12:23:45","modified_gmt":"2025-01-03T09:23:45","slug":"kadinlar-basketbolda-derbi-heyecani","status":"publish","type":"post","link":"https:\/\/www.egemtv.com\/?p=1853","title":{"rendered":"Kad\u0131nlar basketbolda derbi heyecan\u0131"},"content":{"rendered":"<p>ING Kad\u0131nlar Basketbol S\u00fcper Ligi\u2019nin 16. haftas\u0131nda Galatasaray yar\u0131n Fenerbah\u00e7e\u2019yi konuk edecek.<br \/>\n<br \/>Kad\u0131nlar Basketbol S\u00fcper Ligi\u2019nin 16. haftas\u0131nda derbi heyecan\u0131 ya\u015fanacak. Bu hafta Galatasaray yar\u0131n saat 18.00\u2019de Sinan Erdem Spor Salonu\u2019nda Fenerbah\u00e7e ile m\u00fccadele edecek. Ligde sar\u0131-lacivertliler oynad\u0131\u011f\u0131 12 kar\u015f\u0131la\u015fmadan da galip ayr\u0131ld\u0131 ve liderlik koltu\u011funda bulunuyor. Sar\u0131-k\u0131rm\u0131z\u0131l\u0131lar ise 11 galibiyet ve 2 ma\u011flubiyetle ikinci s\u0131rada yer al\u0131yor.<br \/>\n<br \/>Ligin ilk yar\u0131s\u0131nda Ata\u015fehir\u2019de oynanan m\u00fccadeleyi Fenerbah\u00e7e, 82-73\u2019l\u00fck skorla kazanm\u0131\u015ft\u0131.<\/p>\n<p>\u0130statistiklerle iki tak\u0131m<br \/>\n<br \/>Bu sezon ligde Fenerbah\u00e7e 80.3 say\u0131, 30.7 ribaund ve 24.2 asist ortalamalar\u0131yla m\u00fccadele ediyor. Galatasaray ise 76.8 say\u0131, 37.3 ribaund ve 21.6 asist ortalamalar\u0131yla oynuyor. Sar\u0131-lacivertlilerde Emma Meesseman 17.0 say\u0131 ortalamas\u0131yla tak\u0131m\u0131n\u0131 s\u0131rtlarken, sar\u0131-k\u0131rm\u0131z\u0131l\u0131larda da Brianna Fraser 17.5 say\u0131 ortalamas\u0131yla oynayarak katk\u0131da bulunuyor.<br \/>\n<br \/>Galatasaray &#8211; Fenerbah\u00e7e derbisini Kerem Baki, Turgut I\u015f\u0131k ve Mehmet Burak Anlat\u0131c\u0131 hakem 3\u2019l\u00fcs\u00fc y\u00f6netecek.<br \/><\/p>\n","protected":false},"excerpt":{"rendered":"<p>ING Kad\u0131nlar Basketbol S\u00fcper Ligi\u2019nin 16. haftas\u0131nda Galatasaray yar\u0131n Fenerbah\u00e7e\u2019yi konuk edecek. Kad\u0131nlar Basketbol S\u00fcper Ligi\u2019nin 16. haftas\u0131nda derbi heyecan\u0131 ya\u015fanacak. Bu hafta Galatasaray yar\u0131n saat 18.00\u2019de Sinan Erdem Spor Salonu\u2019nda Fenerbah\u00e7e ile m\u00fccadele edecek. Ligde sar\u0131-lacivertliler oynad\u0131\u011f\u0131 12 kar\u015f\u0131la\u015fmadan da galip ayr\u0131ld\u0131 ve liderlik koltu\u011funda bulunuyor. Sar\u0131-k\u0131rm\u0131z\u0131l\u0131lar ise 11 galibiyet ve 2 ma\u011flubiyetle ikinci&#8230;<\/p>\n","protected":false},"author":1,"featured_media":1854,"comment_status":"open","ping_status":"open","sticky":false,"template":"","format":"standard","meta":{"_crdt_document":"","footnotes":""},"categories":[4],"tags":[],"class_list":["post-1853","post","type-post","status-publish","format-standard","has-post-thumbnail","hentry","category-spor"],"_links":{"self":[{"href":"https:\/\/www.egemtv.com\/index.php?rest_route=\/wp\/v2\/posts\/1853","targetHints":{"allow":["GET"]}}],"collection":[{"href":"https:\/\/www.egemtv.com\/index.php?rest_route=\/wp\/v2\/posts"}],"about":[{"href":"https:\/\/www.egemtv.com\/index.php?rest_route=\/wp\/v2\/types\/post"}],"author":[{"embeddable":true,"href":"https:\/\/www.egemtv.com\/index.php?rest_route=\/wp\/v2\/users\/1"}],"replies":[{"embeddable":true,"href":"https:\/\/www.egemtv.com\/index.php?rest_route=%2Fwp%2Fv2%2Fcomments&post=1853"}],"version-history":[{"count":1,"href":"https:\/\/www.egemtv.com\/index.php?rest_route=\/wp\/v2\/posts\/1853\/revisions"}],"predecessor-version":[{"id":1855,"href":"https:\/\/www.egemtv.com\/index.php?rest_route=\/wp\/v2\/posts\/1853\/revisions\/1855"}],"wp:featuredmedia":[{"embeddable":true,"href":"https:\/\/www.egemtv.com\/index.php?rest_route=\/wp\/v2\/media\/1854"}],"wp:attachment":[{"href":"https:\/\/www.egemtv.com\/index.php?rest_route=%2Fwp%2Fv2%2Fmedia&parent=1853"}],"wp:term":[{"taxonomy":"category","embeddable":true,"href":"https:\/\/www.egemtv.com\/index.php?rest_route=%2Fwp%2Fv2%2Fcategories&post=1853"},{"taxonomy":"post_tag","embeddable":true,"href":"https:\/\/www.egemtv.com\/index.php?rest_route=%2Fwp%2Fv2%2Ftags&post=1853"}],"curies":[{"name":"wp","href":"https:\/\/api.w.org\/{rel}","templated":true}]}}