{"id":18461,"date":"2025-02-13T13:52:31","date_gmt":"2025-02-13T10:52:31","guid":{"rendered":"https:\/\/www.egemtv.com\/?p=18461"},"modified":"2025-02-13T13:52:37","modified_gmt":"2025-02-13T10:52:37","slug":"dpu-ile-tavsanli-ilce-milli-egitim-arasinda-protokol","status":"publish","type":"post","link":"https:\/\/www.egemtv.com\/?p=18461","title":{"rendered":"DP\u00dc ile Tav\u015fanl\u0131 \u0130l\u00e7e Milli E\u011fitim aras\u0131nda protokol"},"content":{"rendered":"<p>K\u00fctahya Dumlup\u0131nar \u00dcniversitesi ve Tav\u015fanl\u0131 \u0130l\u00e7e Mill\u00ee E\u011fitim M\u00fcd\u00fcrl\u00fc\u011f\u00fc aras\u0131nda &#8220;Tav\u015fanl\u0131 Uygulamal\u0131 Bilimler Fak\u00fcltesi Uygulama Mutfa\u011f\u0131n\u0131 Kullanma \u0130\u015f Birli\u011fi Protokol\u00fc&#8221; imzaland\u0131.<br \/>\n<br \/>Tav\u015fanl\u0131 Uygulamal\u0131 Bilimler Fak\u00fcltesi Dekanl\u0131\u011f\u0131nda ger\u00e7ekle\u015fen imza t\u00f6renine; Rekt\u00f6r\u00fc Prof. Dr. S\u00fcleyman K\u0131z\u0131ltoprak, Fak\u00fclte  Dekan\u0131 Prof. Dr. Ayd\u0131n Kayaba\u015f\u0131, Tav\u015fanl\u0131 \u0130l\u00e7e Milli E\u011fitim M\u00fcd\u00fcr\u00fc Ra\u015fit Refik K\u00fc\u00e7\u00fckka\u011fn\u0131c\u0131, \u0130l\u00e7e Milli E\u011fitim \u015eube M\u00fcd\u00fcr\u00fc Sedat Cumali Koca ve Halk E\u011fitim Merkezi M\u00fcd\u00fcr\u00fc Abdullah \u00d6zt\u00fcrk ile Tav\u015fanl\u0131 MYO m\u00fcd\u00fcr yard\u0131mc\u0131lar\u0131, fak\u00fclte akademik ve idari personelleri kat\u0131l\u0131m sa\u011flad\u0131. \u0130mzalanan protokol ile birlikte \u0130l\u00e7e Milli E\u011fitim M\u00fcd\u00fcrl\u00fc\u011f\u00fc Halk E\u011fitim Merkezi\u2019nde ger\u00e7ekle\u015ftirilecek mutfak uygulama derslerinde fak\u00fclte mutfa\u011f\u0131n\u0131n kullan\u0131lmas\u0131yla e\u011fitimlere destek verilmesi hedefleniyor.<br \/>\n<br \/>\u0130mzalar\u0131n at\u0131lmas\u0131n\u0131n ard\u0131ndan Rekt\u00f6r K\u0131z\u0131ltoprak; &#8220;K\u00fctahya Dumlup\u0131nar \u00dcniversitesi olarak, \u0130l\u00e7e Mill\u00ee E\u011fitim M\u00fcd\u00fcrl\u00fc\u011f\u00fcm\u00fcz ile imzalad\u0131\u011f\u0131m\u0131z protokol sayesinde Tav\u015fanl\u0131\u2019daki e\u011fitim kurumlar\u0131 aras\u0131nda daha g\u00fc\u00e7l\u00fc bir birliktelik sa\u011flanacak. Ortak projelerimizle \u00f6\u011frencilerimizin ve birimlerimizin geli\u015fimine katk\u0131 sa\u011flayacakt\u0131r. Bu anlaml\u0131 i\u015f birli\u011fi i\u00e7in Tav\u015fanl\u0131 \u0130l\u00e7e Mill\u00ee E\u011fitim M\u00fcd\u00fcr\u00fc Ra\u015fit Refik K\u00fc\u00e7\u00fckka\u011fn\u0131c\u0131 \u00f6zelinde t\u00fcm mill\u00ee e\u011fitim personeline te\u015fekk\u00fcr ederiz&#8221; dedi.<br \/>\n<br \/>Program, fak\u00fcltenin d\u00fczenlemi\u015f oldu\u011fu kahvalt\u0131 program\u0131n\u0131n ard\u0131ndan sona erdi.<br \/><\/p>\n","protected":false},"excerpt":{"rendered":"<p>K\u00fctahya Dumlup\u0131nar \u00dcniversitesi ve Tav\u015fanl\u0131 \u0130l\u00e7e Mill\u00ee E\u011fitim M\u00fcd\u00fcrl\u00fc\u011f\u00fc aras\u0131nda &#8220;Tav\u015fanl\u0131 Uygulamal\u0131 Bilimler Fak\u00fcltesi Uygulama Mutfa\u011f\u0131n\u0131 Kullanma \u0130\u015f Birli\u011fi Protokol\u00fc&#8221; imzaland\u0131. Tav\u015fanl\u0131 Uygulamal\u0131 Bilimler Fak\u00fcltesi Dekanl\u0131\u011f\u0131nda ger\u00e7ekle\u015fen imza t\u00f6renine; Rekt\u00f6r\u00fc Prof. Dr. S\u00fcleyman K\u0131z\u0131ltoprak, Fak\u00fclte Dekan\u0131 Prof. Dr. Ayd\u0131n Kayaba\u015f\u0131, Tav\u015fanl\u0131 \u0130l\u00e7e Milli E\u011fitim M\u00fcd\u00fcr\u00fc Ra\u015fit Refik K\u00fc\u00e7\u00fckka\u011fn\u0131c\u0131, \u0130l\u00e7e Milli E\u011fitim \u015eube M\u00fcd\u00fcr\u00fc Sedat Cumali&#8230;<\/p>\n","protected":false},"author":1,"featured_media":18462,"comment_status":"open","ping_status":"open","sticky":false,"template":"","format":"standard","meta":{"_crdt_document":"","footnotes":""},"categories":[1],"tags":[],"class_list":["post-18461","post","type-post","status-publish","format-standard","has-post-thumbnail","hentry","category-guncel"],"_links":{"self":[{"href":"https:\/\/www.egemtv.com\/index.php?rest_route=\/wp\/v2\/posts\/18461","targetHints":{"allow":["GET"]}}],"collection":[{"href":"https:\/\/www.egemtv.com\/index.php?rest_route=\/wp\/v2\/posts"}],"about":[{"href":"https:\/\/www.egemtv.com\/index.php?rest_route=\/wp\/v2\/types\/post"}],"author":[{"embeddable":true,"href":"https:\/\/www.egemtv.com\/index.php?rest_route=\/wp\/v2\/users\/1"}],"replies":[{"embeddable":true,"href":"https:\/\/www.egemtv.com\/index.php?rest_route=%2Fwp%2Fv2%2Fcomments&post=18461"}],"version-history":[{"count":1,"href":"https:\/\/www.egemtv.com\/index.php?rest_route=\/wp\/v2\/posts\/18461\/revisions"}],"predecessor-version":[{"id":18463,"href":"https:\/\/www.egemtv.com\/index.php?rest_route=\/wp\/v2\/posts\/18461\/revisions\/18463"}],"wp:featuredmedia":[{"embeddable":true,"href":"https:\/\/www.egemtv.com\/index.php?rest_route=\/wp\/v2\/media\/18462"}],"wp:attachment":[{"href":"https:\/\/www.egemtv.com\/index.php?rest_route=%2Fwp%2Fv2%2Fmedia&parent=18461"}],"wp:term":[{"taxonomy":"category","embeddable":true,"href":"https:\/\/www.egemtv.com\/index.php?rest_route=%2Fwp%2Fv2%2Fcategories&post=18461"},{"taxonomy":"post_tag","embeddable":true,"href":"https:\/\/www.egemtv.com\/index.php?rest_route=%2Fwp%2Fv2%2Ftags&post=18461"}],"curies":[{"name":"wp","href":"https:\/\/api.w.org\/{rel}","templated":true}]}}