{"id":18451,"date":"2025-02-13T13:46:47","date_gmt":"2025-02-13T10:46:47","guid":{"rendered":"https:\/\/www.egemtv.com\/?p=18451"},"modified":"2025-02-13T13:46:52","modified_gmt":"2025-02-13T10:46:52","slug":"fethiyede-beyin-olumu-gerceklesen-hastanin-organlari-bagislandi","status":"publish","type":"post","link":"https:\/\/www.egemtv.com\/?p=18451","title":{"rendered":"Fethiye\u2019de beyin \u00f6l\u00fcm\u00fc ger\u00e7ekle\u015fen hastan\u0131n organlar\u0131 ba\u011f\u0131\u015fland\u0131"},"content":{"rendered":"<p>Mu\u011fla\u2019n\u0131n Fethiye il\u00e7esinde beyin \u00f6l\u00fcm\u00fc ger\u00e7ekle\u015fen ya\u015fl\u0131 adam\u0131n organlar\u0131 iki hastaya umut oldu. Uzman ekip taraf\u0131ndan al\u0131nan b\u00f6brekler ve karaci\u011fer, nakil bekleyen hastalara ula\u015ft\u0131r\u0131lmak \u00fczere \u0130zmir\u2019e g\u00f6t\u00fcr\u00fcld\u00fc.<br \/>\n<br \/>Fethiye\u2019de iki g\u00fcn \u00f6nce beyin kanamas\u0131 ge\u00e7iren 74 ya\u015f\u0131ndaki hasta, \u00f6zel bir hastanede yo\u011fun bak\u0131m \u00fcnitesinde tedavi alt\u0131na al\u0131nd\u0131. Yap\u0131lan t\u00fcm m\u00fcdahalelere ra\u011fmen hastan\u0131n d\u00fcn beyin \u00f6l\u00fcm\u00fc ger\u00e7ekle\u015fti. Bunun \u00fczerine ailesi, ya\u015fl\u0131 adam\u0131n organlar\u0131n\u0131 ba\u011f\u0131\u015flama karar\u0131 ald\u0131. Nakil s\u00fcrecini h\u0131zla ba\u015flatan hastane yetkilileri, \u0130zmir ile ileti\u015fime ge\u00e7ti. Gece saatlerinde \u0130zmir\u2019den gelen uzman ekip taraf\u0131ndan ger\u00e7ekle\u015ftirilen ba\u015far\u0131l\u0131 operasyonla hastan\u0131n iki b\u00f6bre\u011fi ve karaci\u011feri al\u0131nd\u0131. \u0130zmir\u2019e g\u00f6t\u00fcr\u00fclen organlar, nakil bekleyen hastalara umut oldu.<br \/><\/p>\n","protected":false},"excerpt":{"rendered":"<p>Mu\u011fla\u2019n\u0131n Fethiye il\u00e7esinde beyin \u00f6l\u00fcm\u00fc ger\u00e7ekle\u015fen ya\u015fl\u0131 adam\u0131n organlar\u0131 iki hastaya umut oldu. Uzman ekip taraf\u0131ndan al\u0131nan b\u00f6brekler ve karaci\u011fer, nakil bekleyen hastalara ula\u015ft\u0131r\u0131lmak \u00fczere \u0130zmir\u2019e g\u00f6t\u00fcr\u00fcld\u00fc. Fethiye\u2019de iki g\u00fcn \u00f6nce beyin kanamas\u0131 ge\u00e7iren 74 ya\u015f\u0131ndaki hasta, \u00f6zel bir hastanede yo\u011fun bak\u0131m \u00fcnitesinde tedavi alt\u0131na al\u0131nd\u0131. Yap\u0131lan t\u00fcm m\u00fcdahalelere ra\u011fmen hastan\u0131n d\u00fcn beyin \u00f6l\u00fcm\u00fc ger\u00e7ekle\u015fti&#8230;.<\/p>\n","protected":false},"author":1,"featured_media":18454,"comment_status":"open","ping_status":"open","sticky":false,"template":"","format":"standard","meta":{"_crdt_document":"","footnotes":""},"categories":[2],"tags":[],"class_list":["post-18451","post","type-post","status-publish","format-standard","has-post-thumbnail","hentry","category-saglik"],"_links":{"self":[{"href":"https:\/\/www.egemtv.com\/index.php?rest_route=\/wp\/v2\/posts\/18451","targetHints":{"allow":["GET"]}}],"collection":[{"href":"https:\/\/www.egemtv.com\/index.php?rest_route=\/wp\/v2\/posts"}],"about":[{"href":"https:\/\/www.egemtv.com\/index.php?rest_route=\/wp\/v2\/types\/post"}],"author":[{"embeddable":true,"href":"https:\/\/www.egemtv.com\/index.php?rest_route=\/wp\/v2\/users\/1"}],"replies":[{"embeddable":true,"href":"https:\/\/www.egemtv.com\/index.php?rest_route=%2Fwp%2Fv2%2Fcomments&post=18451"}],"version-history":[{"count":1,"href":"https:\/\/www.egemtv.com\/index.php?rest_route=\/wp\/v2\/posts\/18451\/revisions"}],"predecessor-version":[{"id":18456,"href":"https:\/\/www.egemtv.com\/index.php?rest_route=\/wp\/v2\/posts\/18451\/revisions\/18456"}],"wp:featuredmedia":[{"embeddable":true,"href":"https:\/\/www.egemtv.com\/index.php?rest_route=\/wp\/v2\/media\/18454"}],"wp:attachment":[{"href":"https:\/\/www.egemtv.com\/index.php?rest_route=%2Fwp%2Fv2%2Fmedia&parent=18451"}],"wp:term":[{"taxonomy":"category","embeddable":true,"href":"https:\/\/www.egemtv.com\/index.php?rest_route=%2Fwp%2Fv2%2Fcategories&post=18451"},{"taxonomy":"post_tag","embeddable":true,"href":"https:\/\/www.egemtv.com\/index.php?rest_route=%2Fwp%2Fv2%2Ftags&post=18451"}],"curies":[{"name":"wp","href":"https:\/\/api.w.org\/{rel}","templated":true}]}}