{"id":18419,"date":"2025-02-13T13:13:58","date_gmt":"2025-02-13T10:13:58","guid":{"rendered":"https:\/\/www.egemtv.com\/?p=18419"},"modified":"2025-02-13T13:14:00","modified_gmt":"2025-02-13T10:14:00","slug":"sokede-pera-bebegin-olumune-iliskin-davada-tahliye-karari","status":"publish","type":"post","link":"https:\/\/www.egemtv.com\/?p=18419","title":{"rendered":"S\u00f6ke\u2019de Pera bebe\u011fin \u00f6l\u00fcm\u00fcne ili\u015fkin davada tahliye karar\u0131"},"content":{"rendered":"<p>Ayd\u0131n\u2019\u0131n S\u00f6ke il\u00e7esinde, 1 Temmuz 2024\u2019te d\u00fc\u011f\u00fcn konvoyundan a\u00e7\u0131lan ate\u015f sonucu hayat\u0131n\u0131 kaybeden 11 ayl\u0131k Pera bebe\u011fin \u00f6l\u00fcm\u00fcyle ilgili g\u00f6r\u00fclen davada mahkemenin tahliye kararlar\u0131 aileyi \u015fok etti.<br \/>\n<br \/>Annesiyle evlerinin oturma odas\u0131nda oyun oynarken ba\u015f\u0131na yorgun mermi isabet eden Pera bebek, d\u00fc\u011f\u00fcn konvoyundan a\u00e7\u0131lan ate\u015fin kurban\u0131 olmu\u015ftu. Olay\u0131n ard\u0131ndan ba\u015flat\u0131lan soru\u015fturma kapsam\u0131nda konvoydan ate\u015f ettikleri belirlenen \u015fah\u0131slar yakalanm\u0131\u015ft\u0131. San\u0131klar Mazlum G\u00fcney (26), Muhammet Bozkurt (26), \u00d6zg\u00fcr \u00c7eliky\u00fcrek (31), Serkan Sordabak (26) ve Ersin Budak (33) hakk\u0131nda &#8220;\u00e7ocu\u011fu kasten \u00f6ld\u00fcrme&#8221; su\u00e7undan a\u011f\u0131rla\u015ft\u0131r\u0131lm\u0131\u015f m\u00fcebbet hapis cezas\u0131 talep edildi. Ayr\u0131ca, &#8220;Korku, kayg\u0131 veya panik olu\u015fturacak \u015fekilde silahla ate\u015f etme&#8221; ve &#8220;Ruhsats\u0131z silah bulundurma&#8221; su\u00e7lar\u0131ndan da ek cezalar istendi. Ge\u00e7ti\u011fimiz g\u00fcn S\u00f6ke 1. A\u011f\u0131r Ceza Mahkemesi\u2019nde g\u00f6r\u00fclen ilk duru\u015fmada, aileyi \u015fok eden tahliye kararlar\u0131 \u00e7\u0131kt\u0131. Mahkeme, olayda kullan\u0131lan silahlar ile Pera bebe\u011fe isabet eden yorgun mermi aras\u0131nda e\u015fle\u015fme bulunmad\u0131\u011f\u0131 gerek\u00e7esiyle, tutuklu san\u0131klar Ersin Budak, Muhammet Bozkurt ve \u00d6zg\u00fcr \u00c7eliky\u00fcrek\u2019i tahliye etti.<\/p>\n<p>Mahkeme ba\u015fkan\u0131 itiraz eti, tahliye ger\u00e7ekle\u015fti<br \/>\n<br \/>Mahkeme Ba\u015fkan\u0131 Tu\u011frul Durmaz, olaydan sonra ka\u00e7an ve 70 g\u00fcn boyunca firari olan san\u0131k Ersin Budak\u2019\u0131n yeniden ka\u00e7ma ihtimaline dikkat \u00e7ekerek tutuklu kalmas\u0131n\u0131 talep etti. Ancak mahkemenin di\u011fer \u00fcyeleri bu talebe kar\u015f\u0131 \u00e7\u0131karak Budak\u2019\u0131n tahliyesine onay verdi. Ayr\u0131ca davada firari durumda bulunan san\u0131k Mazlum G\u00fcney hakk\u0131nda \u00e7\u0131kar\u0131lan yakalama karar\u0131n\u0131n devam\u0131na h\u00fckmedildi.<\/p>\n<p>Aile karara tepkili<br \/>\n<br \/>Tahliye kararlar\u0131 sonras\u0131 Pera bebe\u011fin ailesi ve kamuoyu b\u00fcy\u00fck tepki g\u00f6sterdi. Sosyal medyada Pera Bebek\u2019in annesi Buse Palab\u0131y\u0131k, baba Ahmet Palab\u0131y\u0131k ve dede Kerim Palab\u0131y\u0131k, a\u00e7\u0131klanan kararlara anlam veremediklerini belirtti. Adaletin yerine gelece\u011fini umduklar\u0131n\u0131 belirten aile, ya\u015fanan bu trajedinin T\u00fcrkiye\u2019ye \u00f6rnek olmas\u0131, sevin\u00e7lerin ac\u0131ya d\u00f6n\u00fc\u015fmemesi gerekti\u011fini dile getirdi.<br \/><\/p>\n","protected":false},"excerpt":{"rendered":"<p>Ayd\u0131n\u2019\u0131n S\u00f6ke il\u00e7esinde, 1 Temmuz 2024\u2019te d\u00fc\u011f\u00fcn konvoyundan a\u00e7\u0131lan ate\u015f sonucu hayat\u0131n\u0131 kaybeden 11 ayl\u0131k Pera bebe\u011fin \u00f6l\u00fcm\u00fcyle ilgili g\u00f6r\u00fclen davada mahkemenin tahliye kararlar\u0131 aileyi \u015fok etti. Annesiyle evlerinin oturma odas\u0131nda oyun oynarken ba\u015f\u0131na yorgun mermi isabet eden Pera bebek, d\u00fc\u011f\u00fcn konvoyundan a\u00e7\u0131lan ate\u015fin kurban\u0131 olmu\u015ftu. Olay\u0131n ard\u0131ndan ba\u015flat\u0131lan soru\u015fturma kapsam\u0131nda konvoydan ate\u015f ettikleri belirlenen&#8230;<\/p>\n","protected":false},"author":1,"featured_media":18420,"comment_status":"open","ping_status":"open","sticky":false,"template":"","format":"standard","meta":{"_crdt_document":"","footnotes":""},"categories":[5],"tags":[],"class_list":["post-18419","post","type-post","status-publish","format-standard","has-post-thumbnail","hentry","category-asayis"],"_links":{"self":[{"href":"https:\/\/www.egemtv.com\/index.php?rest_route=\/wp\/v2\/posts\/18419","targetHints":{"allow":["GET"]}}],"collection":[{"href":"https:\/\/www.egemtv.com\/index.php?rest_route=\/wp\/v2\/posts"}],"about":[{"href":"https:\/\/www.egemtv.com\/index.php?rest_route=\/wp\/v2\/types\/post"}],"author":[{"embeddable":true,"href":"https:\/\/www.egemtv.com\/index.php?rest_route=\/wp\/v2\/users\/1"}],"replies":[{"embeddable":true,"href":"https:\/\/www.egemtv.com\/index.php?rest_route=%2Fwp%2Fv2%2Fcomments&post=18419"}],"version-history":[{"count":1,"href":"https:\/\/www.egemtv.com\/index.php?rest_route=\/wp\/v2\/posts\/18419\/revisions"}],"predecessor-version":[{"id":18421,"href":"https:\/\/www.egemtv.com\/index.php?rest_route=\/wp\/v2\/posts\/18419\/revisions\/18421"}],"wp:featuredmedia":[{"embeddable":true,"href":"https:\/\/www.egemtv.com\/index.php?rest_route=\/wp\/v2\/media\/18420"}],"wp:attachment":[{"href":"https:\/\/www.egemtv.com\/index.php?rest_route=%2Fwp%2Fv2%2Fmedia&parent=18419"}],"wp:term":[{"taxonomy":"category","embeddable":true,"href":"https:\/\/www.egemtv.com\/index.php?rest_route=%2Fwp%2Fv2%2Fcategories&post=18419"},{"taxonomy":"post_tag","embeddable":true,"href":"https:\/\/www.egemtv.com\/index.php?rest_route=%2Fwp%2Fv2%2Ftags&post=18419"}],"curies":[{"name":"wp","href":"https:\/\/api.w.org\/{rel}","templated":true}]}}