{"id":18416,"date":"2025-02-13T13:08:56","date_gmt":"2025-02-13T10:08:56","guid":{"rendered":"https:\/\/www.egemtv.com\/?p=18416"},"modified":"2025-02-13T13:09:00","modified_gmt":"2025-02-13T10:09:00","slug":"kacak-gecislere-karsi-cesmeye-sahil-guvenlik-limani","status":"publish","type":"post","link":"https:\/\/www.egemtv.com\/?p=18416","title":{"rendered":"Ka\u00e7ak ge\u00e7i\u015flere kar\u015f\u0131 \u00c7e\u015fme\u2019ye Sahil G\u00fcvenlik Liman\u0131"},"content":{"rendered":"<p>\u0130zmir\u2019in \u00c7e\u015fme il\u00e7esinde Sahil G\u00fcvenlik Komutanl\u0131\u011f\u0131 taraf\u0131ndan yap\u0131lmas\u0131 planlanan liman projesinin imar plan\u0131 ask\u0131ya \u00e7\u0131kar\u0131ld\u0131.<br \/>\n<br \/>\u00c7evre, \u015eehircilik ve \u0130klim De\u011fi\u015fikli\u011fi Bakanl\u0131\u011f\u0131 taraf\u0131ndan yay\u0131mlanan yeni imar plan\u0131 de\u011fi\u015fikli\u011fine g\u00f6re, Musalla Mahallesi\u2019nde bulunan ve mevcut planda &#8220;park, a\u011fa\u00e7land\u0131r\u0131lacak alan ve yol&#8221; olarak belirlenen b\u00f6lge, &#8220;liman ve \u00f6zel g\u00fcvenlik b\u00f6lgesi&#8221; olarak yeniden tan\u0131mland\u0131. Projenin en \u00f6nemli g\u00fcndem maddesi, d\u00fczensiz g\u00f6\u00e7le m\u00fccadele ve deniz g\u00fcvenli\u011finin sa\u011flanmas\u0131 olarak belirtiliyor.<br \/>\n<br \/>Hazineye ait 11 bin 472 metrekarelik kara alan\u0131 ile 211 bin 651 metrekarelik deniz alan\u0131, ge\u00e7ti\u011fimiz y\u0131l Sahil G\u00fcvenlik Komutanl\u0131\u011f\u0131\u2019na tahsis edilmi\u015fti.<\/p>\n<p>G\u00f6\u00e7 ve deniz g\u00fcvenli\u011fi Vurgusu<br \/>\n<br \/>Plan a\u00e7\u0131klama raporunda, projenin Sak\u0131z Adas\u0131\u2019na en uygun mesafede bulundu\u011fu ve b\u00f6lgenin jeopolitik a\u00e7\u0131dan kritik \u00f6neme sahip oldu\u011fu vurgulan\u0131yor. Rapor, liman\u0131n kurulmas\u0131n\u0131n yurt savunmas\u0131, d\u00fczensiz g\u00f6\u00e7men faaliyetlerinin \u00f6nlenmesi, emniyet, g\u00fcvenlik ve arama kurtarma faaliyetleri a\u00e7\u0131s\u0131ndan \u00f6nemli oldu\u011funu belirtiyor. Ayr\u0131ca, \u00c7e\u015fme Yar\u0131madas\u0131\u2019n\u0131n \u0130zmir\u2019in en \u00f6nemli turizm b\u00f6lgelerinden biri olmas\u0131 nedeniyle, denizlerde can ve mal g\u00fcvenli\u011fi, huzurun sa\u011flanmas\u0131 ve t\u0131bbi tahliye ihtiya\u00e7lar\u0131n\u0131n kar\u015f\u0131lanmas\u0131 noktas\u0131nda Sahil G\u00fcvenlik\u2019in b\u00f6lgede aktif olmas\u0131n\u0131n gereklili\u011fine dikkat \u00e7ekiliyor.<br \/>\n<br \/>\u00d6zellikle yaz sezonunda artan turist ve bal\u0131k\u00e7\u0131l\u0131k faaliyetleri dolay\u0131s\u0131yla denetim, kontrol ve arama kurtarma \u00e7al\u0131\u015fmalar\u0131n\u0131n yo\u011funla\u015ft\u0131\u011f\u0131 belirtilirken, planlanan liman\u0131n bu ihtiya\u00e7lara h\u0131zl\u0131 yan\u0131t verebilecek bir merkez olaca\u011f\u0131 ifade ediliyor.<br \/><\/p>\n","protected":false},"excerpt":{"rendered":"<p>\u0130zmir\u2019in \u00c7e\u015fme il\u00e7esinde Sahil G\u00fcvenlik Komutanl\u0131\u011f\u0131 taraf\u0131ndan yap\u0131lmas\u0131 planlanan liman projesinin imar plan\u0131 ask\u0131ya \u00e7\u0131kar\u0131ld\u0131. \u00c7evre, \u015eehircilik ve \u0130klim De\u011fi\u015fikli\u011fi Bakanl\u0131\u011f\u0131 taraf\u0131ndan yay\u0131mlanan yeni imar plan\u0131 de\u011fi\u015fikli\u011fine g\u00f6re, Musalla Mahallesi\u2019nde bulunan ve mevcut planda &#8220;park, a\u011fa\u00e7land\u0131r\u0131lacak alan ve yol&#8221; olarak belirlenen b\u00f6lge, &#8220;liman ve \u00f6zel g\u00fcvenlik b\u00f6lgesi&#8221; olarak yeniden tan\u0131mland\u0131. Projenin en \u00f6nemli g\u00fcndem maddesi,&#8230;<\/p>\n","protected":false},"author":1,"featured_media":18417,"comment_status":"open","ping_status":"open","sticky":false,"template":"","format":"standard","meta":{"_crdt_document":"","footnotes":""},"categories":[5],"tags":[],"class_list":["post-18416","post","type-post","status-publish","format-standard","has-post-thumbnail","hentry","category-asayis"],"_links":{"self":[{"href":"https:\/\/www.egemtv.com\/index.php?rest_route=\/wp\/v2\/posts\/18416","targetHints":{"allow":["GET"]}}],"collection":[{"href":"https:\/\/www.egemtv.com\/index.php?rest_route=\/wp\/v2\/posts"}],"about":[{"href":"https:\/\/www.egemtv.com\/index.php?rest_route=\/wp\/v2\/types\/post"}],"author":[{"embeddable":true,"href":"https:\/\/www.egemtv.com\/index.php?rest_route=\/wp\/v2\/users\/1"}],"replies":[{"embeddable":true,"href":"https:\/\/www.egemtv.com\/index.php?rest_route=%2Fwp%2Fv2%2Fcomments&post=18416"}],"version-history":[{"count":1,"href":"https:\/\/www.egemtv.com\/index.php?rest_route=\/wp\/v2\/posts\/18416\/revisions"}],"predecessor-version":[{"id":18418,"href":"https:\/\/www.egemtv.com\/index.php?rest_route=\/wp\/v2\/posts\/18416\/revisions\/18418"}],"wp:featuredmedia":[{"embeddable":true,"href":"https:\/\/www.egemtv.com\/index.php?rest_route=\/wp\/v2\/media\/18417"}],"wp:attachment":[{"href":"https:\/\/www.egemtv.com\/index.php?rest_route=%2Fwp%2Fv2%2Fmedia&parent=18416"}],"wp:term":[{"taxonomy":"category","embeddable":true,"href":"https:\/\/www.egemtv.com\/index.php?rest_route=%2Fwp%2Fv2%2Fcategories&post=18416"},{"taxonomy":"post_tag","embeddable":true,"href":"https:\/\/www.egemtv.com\/index.php?rest_route=%2Fwp%2Fv2%2Ftags&post=18416"}],"curies":[{"name":"wp","href":"https:\/\/api.w.org\/{rel}","templated":true}]}}