{"id":18413,"date":"2025-02-13T13:08:52","date_gmt":"2025-02-13T10:08:52","guid":{"rendered":"https:\/\/www.egemtv.com\/?p=18413"},"modified":"2025-02-13T13:08:56","modified_gmt":"2025-02-13T10:08:56","slug":"akarcay-kanalindan-izinsiz-su-alimi-yapanlara-ceza-uyarisi","status":"publish","type":"post","link":"https:\/\/www.egemtv.com\/?p=18413","title":{"rendered":"Akar\u00e7ay Kanal\u0131\u2019ndan izinsiz su al\u0131m\u0131 yapanlara ceza uyar\u0131s\u0131!"},"content":{"rendered":"<p>Afyonkarahisar Bolvadin Kaymakaml\u0131\u011f\u0131ndan yap\u0131lan a\u00e7\u0131klamada Eber G\u00f6l\u00fc\u2019n\u00fc besleyen en b\u00fcy\u00fck kaynaklardan birisi olan Akar\u00e7ay Kanal\u0131\u2019ndan izinsiz su al\u0131m\u0131 yapan \u015fah\u0131slara 557 bin 212 TL idari para cezas\u0131 kesilece\u011fi kaydedildi.<br \/>\n<br \/>Konuyla ilgili yap\u0131lan yaz\u0131l\u0131 a\u00e7\u0131klamada, \u00e7al\u0131\u015fma ile Eber G\u00f6l\u00fc\u2019n\u00fcn canland\u0131r\u0131lmas\u0131n\u0131n planland\u0131\u011f\u0131 kaydedildi. A\u00e7\u0131klamada, &#8220;Bolvadin il\u00e7esi G\u00f6lba\u015f\u0131 Mahallesi\u2019ne ba\u011fl\u0131 Akar\u00e7ay Kanal\u0131 ile Eber G\u00f6l\u00fc\u2019n\u00fcn  ba\u011fland\u0131\u011f\u0131 noktada Akar\u00e7ay Kanal\u0131 temizlenmeye ba\u015flanm\u0131\u015ft\u0131r.  Bu nedenle ma\u011fduriyet ya\u015fanmamas\u0131 ad\u0131na Akar\u00e7ay Kanal\u0131 kenar\u0131nda bulunan vatanda\u015flar\u0131m\u0131za ait olan ve ak\u0131\u015f\u0131 engelleyen t\u00fcm malzemelerin kald\u0131r\u0131lmas\u0131 ayr\u0131ca Akar\u00e7ay Kanal\u0131\u2019ndan izinsiz su al\u0131m\u0131 faaliyeti ger\u00e7ekle\u015ftirmeye devam eden vatanda\u015flar\u0131m\u0131z hakk\u0131nda ilgili kanun maddeleri uyar\u0131nca 557 bin 212 TL idari para cezas\u0131n\u0131n uygulanaca\u011f\u0131n\u0131 hususu kamuoyuna sayg\u0131yla ilan olunur&#8221; ifadelerine yer verildi.<br \/><\/p>\n","protected":false},"excerpt":{"rendered":"<p>Afyonkarahisar Bolvadin Kaymakaml\u0131\u011f\u0131ndan yap\u0131lan a\u00e7\u0131klamada Eber G\u00f6l\u00fc\u2019n\u00fc besleyen en b\u00fcy\u00fck kaynaklardan birisi olan Akar\u00e7ay Kanal\u0131\u2019ndan izinsiz su al\u0131m\u0131 yapan \u015fah\u0131slara 557 bin 212 TL idari para cezas\u0131 kesilece\u011fi kaydedildi. Konuyla ilgili yap\u0131lan yaz\u0131l\u0131 a\u00e7\u0131klamada, \u00e7al\u0131\u015fma ile Eber G\u00f6l\u00fc\u2019n\u00fcn canland\u0131r\u0131lmas\u0131n\u0131n planland\u0131\u011f\u0131 kaydedildi. A\u00e7\u0131klamada, &#8220;Bolvadin il\u00e7esi G\u00f6lba\u015f\u0131 Mahallesi\u2019ne ba\u011fl\u0131 Akar\u00e7ay Kanal\u0131 ile Eber G\u00f6l\u00fc\u2019n\u00fcn ba\u011fland\u0131\u011f\u0131 noktada Akar\u00e7ay&#8230;<\/p>\n","protected":false},"author":1,"featured_media":18414,"comment_status":"open","ping_status":"open","sticky":false,"template":"","format":"standard","meta":{"_crdt_document":"","footnotes":""},"categories":[1],"tags":[],"class_list":["post-18413","post","type-post","status-publish","format-standard","has-post-thumbnail","hentry","category-guncel"],"_links":{"self":[{"href":"https:\/\/www.egemtv.com\/index.php?rest_route=\/wp\/v2\/posts\/18413","targetHints":{"allow":["GET"]}}],"collection":[{"href":"https:\/\/www.egemtv.com\/index.php?rest_route=\/wp\/v2\/posts"}],"about":[{"href":"https:\/\/www.egemtv.com\/index.php?rest_route=\/wp\/v2\/types\/post"}],"author":[{"embeddable":true,"href":"https:\/\/www.egemtv.com\/index.php?rest_route=\/wp\/v2\/users\/1"}],"replies":[{"embeddable":true,"href":"https:\/\/www.egemtv.com\/index.php?rest_route=%2Fwp%2Fv2%2Fcomments&post=18413"}],"version-history":[{"count":1,"href":"https:\/\/www.egemtv.com\/index.php?rest_route=\/wp\/v2\/posts\/18413\/revisions"}],"predecessor-version":[{"id":18415,"href":"https:\/\/www.egemtv.com\/index.php?rest_route=\/wp\/v2\/posts\/18413\/revisions\/18415"}],"wp:featuredmedia":[{"embeddable":true,"href":"https:\/\/www.egemtv.com\/index.php?rest_route=\/wp\/v2\/media\/18414"}],"wp:attachment":[{"href":"https:\/\/www.egemtv.com\/index.php?rest_route=%2Fwp%2Fv2%2Fmedia&parent=18413"}],"wp:term":[{"taxonomy":"category","embeddable":true,"href":"https:\/\/www.egemtv.com\/index.php?rest_route=%2Fwp%2Fv2%2Fcategories&post=18413"},{"taxonomy":"post_tag","embeddable":true,"href":"https:\/\/www.egemtv.com\/index.php?rest_route=%2Fwp%2Fv2%2Ftags&post=18413"}],"curies":[{"name":"wp","href":"https:\/\/api.w.org\/{rel}","templated":true}]}}