{"id":18410,"date":"2025-02-13T13:04:53","date_gmt":"2025-02-13T10:04:53","guid":{"rendered":"https:\/\/www.egemtv.com\/?p=18410"},"modified":"2025-02-13T13:05:02","modified_gmt":"2025-02-13T10:05:02","slug":"kusadasinda-zabita-denetimleri-araliksiz-suruyor","status":"publish","type":"post","link":"https:\/\/www.egemtv.com\/?p=18410","title":{"rendered":"Ku\u015fadas\u0131\u2019nda zab\u0131ta denetimleri aral\u0131ks\u0131z s\u00fcr\u00fcyor"},"content":{"rendered":"<p>Ku\u015fadas\u0131 Belediyesi Zab\u0131ta M\u00fcd\u00fcrl\u00fc\u011f\u00fc, kentte d\u00fczeni sa\u011flamak ve vatanda\u015flar\u0131n ya\u015fam alanlar\u0131n\u0131 korumak ad\u0131na yo\u011fun denetimlerini s\u00fcrd\u00fcr\u00fcyor.<\/p>\n<p>Zab\u0131ta ekipleri, kent genelinde d\u00fczeni sa\u011flamak ad\u0131na ba\u015fta yaya yollar\u0131 ve kald\u0131r\u0131mlardaki i\u015fgaliyeler olmak \u00fczere bir\u00e7ok alanda denetimlerine devam ediyor. Kamuya ait alanlar\u0131n amac\u0131 d\u0131\u015f\u0131nda kullan\u0131lmas\u0131na kesinlikle m\u00fcsaade edilmezken, kural ihlali yapan i\u015fletmelere gerekli uyar\u0131lar yap\u0131larak yasal \u00e7er\u00e7evede i\u015flemler uygulan\u0131yor. Denetimler kapsam\u0131nda vatanda\u015flar\u0131n kald\u0131r\u0131mlarda rahat\u00e7a y\u00fcr\u00fcyebilmesi, trafik ak\u0131\u015f\u0131n\u0131n sa\u011fl\u0131kl\u0131 bir \u015fekilde ilerleyebilmesi ve \u015fehir d\u00fczeninin korunmas\u0131 hedefleniyor. Belediye yetkilileri, Ku\u015fadas\u0131\u2019n\u0131n daha ya\u015fanabilir bir kent olmas\u0131 i\u00e7in denetimlerin artarak devam edece\u011fini belirtti.<\/p>\n<p>Kent genelinde yap\u0131lan d\u00fczenlemelerden memnuniyet duyduklar\u0131n\u0131 belirten Ku\u015fadal\u0131 esnaflar, Zab\u0131ta M\u00fcd\u00fcrl\u00fc\u011f\u00fc\u2019ne i\u015f birli\u011fi ve \u00e7\u00f6z\u00fcm odakl\u0131 yakla\u015f\u0131mlar\u0131ndan dolay\u0131 te\u015fekk\u00fcr etti. Esnaflar, kurallar \u00e7er\u00e7evesinde ticaret yapman\u0131n kent d\u00fczeni a\u00e7\u0131s\u0131ndan \u00f6nemli oldu\u011funu vurgularken, zab\u0131ta ekiplerinin hassas ve adil denetimlerinden duyduklar\u0131 memnuniyeti dile getirdi.<\/p>\n<p>Ku\u015fadas\u0131 Belediyesi Zab\u0131ta M\u00fcd\u00fcrl\u00fc\u011f\u00fc ise vatanda\u015flardan gelen talepleri de\u011ferlendirmeye ve kent d\u00fczenini sa\u011flamak ad\u0131na \u00e7al\u0131\u015fmalar\u0131na h\u0131z kesmeden devam edece\u011fini vurgulad\u0131.<br \/><\/p>\n","protected":false},"excerpt":{"rendered":"<p>Ku\u015fadas\u0131 Belediyesi Zab\u0131ta M\u00fcd\u00fcrl\u00fc\u011f\u00fc, kentte d\u00fczeni sa\u011flamak ve vatanda\u015flar\u0131n ya\u015fam alanlar\u0131n\u0131 korumak ad\u0131na yo\u011fun denetimlerini s\u00fcrd\u00fcr\u00fcyor. Zab\u0131ta ekipleri, kent genelinde d\u00fczeni sa\u011flamak ad\u0131na ba\u015fta yaya yollar\u0131 ve kald\u0131r\u0131mlardaki i\u015fgaliyeler olmak \u00fczere bir\u00e7ok alanda denetimlerine devam ediyor. Kamuya ait alanlar\u0131n amac\u0131 d\u0131\u015f\u0131nda kullan\u0131lmas\u0131na kesinlikle m\u00fcsaade edilmezken, kural ihlali yapan i\u015fletmelere gerekli uyar\u0131lar yap\u0131larak yasal \u00e7er\u00e7evede i\u015flemler&#8230;<\/p>\n","protected":false},"author":1,"featured_media":18411,"comment_status":"open","ping_status":"open","sticky":false,"template":"","format":"standard","meta":{"_crdt_document":"","footnotes":""},"categories":[1],"tags":[],"class_list":["post-18410","post","type-post","status-publish","format-standard","has-post-thumbnail","hentry","category-guncel"],"_links":{"self":[{"href":"https:\/\/www.egemtv.com\/index.php?rest_route=\/wp\/v2\/posts\/18410","targetHints":{"allow":["GET"]}}],"collection":[{"href":"https:\/\/www.egemtv.com\/index.php?rest_route=\/wp\/v2\/posts"}],"about":[{"href":"https:\/\/www.egemtv.com\/index.php?rest_route=\/wp\/v2\/types\/post"}],"author":[{"embeddable":true,"href":"https:\/\/www.egemtv.com\/index.php?rest_route=\/wp\/v2\/users\/1"}],"replies":[{"embeddable":true,"href":"https:\/\/www.egemtv.com\/index.php?rest_route=%2Fwp%2Fv2%2Fcomments&post=18410"}],"version-history":[{"count":1,"href":"https:\/\/www.egemtv.com\/index.php?rest_route=\/wp\/v2\/posts\/18410\/revisions"}],"predecessor-version":[{"id":18412,"href":"https:\/\/www.egemtv.com\/index.php?rest_route=\/wp\/v2\/posts\/18410\/revisions\/18412"}],"wp:featuredmedia":[{"embeddable":true,"href":"https:\/\/www.egemtv.com\/index.php?rest_route=\/wp\/v2\/media\/18411"}],"wp:attachment":[{"href":"https:\/\/www.egemtv.com\/index.php?rest_route=%2Fwp%2Fv2%2Fmedia&parent=18410"}],"wp:term":[{"taxonomy":"category","embeddable":true,"href":"https:\/\/www.egemtv.com\/index.php?rest_route=%2Fwp%2Fv2%2Fcategories&post=18410"},{"taxonomy":"post_tag","embeddable":true,"href":"https:\/\/www.egemtv.com\/index.php?rest_route=%2Fwp%2Fv2%2Ftags&post=18410"}],"curies":[{"name":"wp","href":"https:\/\/api.w.org\/{rel}","templated":true}]}}