{"id":18407,"date":"2025-02-13T12:55:31","date_gmt":"2025-02-13T09:55:31","guid":{"rendered":"https:\/\/www.egemtv.com\/?p=18407"},"modified":"2025-02-13T12:55:37","modified_gmt":"2025-02-13T09:55:37","slug":"vali-elban-deprem-riskine-karsi-her-turlu-tedbiri-aliyoruz","status":"publish","type":"post","link":"https:\/\/www.egemtv.com\/?p=18407","title":{"rendered":"Vali Elban: &#8220;Deprem riskine kar\u015f\u0131 her t\u00fcrl\u00fc tedbiri al\u0131yoruz&#8221;"},"content":{"rendered":"<p>\u0130zmir\u2019de d\u00fczenlenen \u2019Ege Denizi Santorini Adas\u0131 ve Civar\u0131ndaki Sismik Aktiviteye Y\u00f6nelik Olas\u0131 Risk De\u011ferlendirmesi B\u00f6lgesel Koordinasyon Toplant\u0131s\u0131\u2019nda konu\u015fan \u0130zmir Valisi S\u00fcleyman Elban, &#8220;Santorini civar\u0131nda olu\u015facak bir depremin do\u011frudan ilimizde olumsuz sonu\u00e7lar olu\u015fturacak ektisi olmayaca\u011f\u0131 sonucunda vard\u0131k. Orada olu\u015facak bir tsunaminin gerek Ege\u2019deki ada say\u0131s\u0131n\u0131n fazlal\u0131\u011f\u0131 gerek mesafe nedeniyle maksimum 50-60 santim dalga olur. Bununla birlikte Ege k\u0131y\u0131lar\u0131nda hemen hemen hissedilmeyece\u011fi sonucu \u00e7\u0131kt\u0131. Ayr\u0131ca volkan patlamas\u0131 durumunda olu\u015facak maksimum k\u00fcl olu\u015fumunda da ilimizde s\u0131k\u0131nt\u0131ya neden olacak k\u00fcl ta\u015f\u0131n\u0131m\u0131 beklenmiyor&#8221; dedi.<br \/>\n<br \/>Ege Denizi\u2019nde 28 Ocak\u2019tan bu yana b\u00fcy\u00fckl\u00fc\u011f\u00fc 4,8 olan 400\u2019\u00fcn \u00fczerinde deprem meydana geldi. Santorini Adas\u0131\u2019n\u0131n kuzeydo\u011fusunda sars\u0131nt\u0131lar devam etti ve b\u00fcy\u00fckl\u00fc\u011f\u00fc 4,9\u2019a varan 100\u2019\u00fcn \u00fczerinde daha deprem ger\u00e7ekle\u015fti. Ege Denizi\u2019nde bir s\u00fcredir s\u00fcren deprem f\u0131rt\u0131nas\u0131 en \u00f6nemli g\u00fcndem konusu oldu. \u0130zmir Valili\u011fi taraf\u0131ndan ise bug\u00fcn \u2018Ege Denizi Santorini Adas\u0131 ve Civar\u0131ndaki Sismik Aktiviteye Y\u00f6nelik Olas\u0131 Risk De\u011ferlendirmesi B\u00f6lgesel Koordinasyon Toplant\u0131s\u0131\u2019 yap\u0131ld\u0131. \u0130zmir \u0130ktisat Kongresi Binas\u0131\u2019ndaki toplant\u0131 bas\u0131na kapal\u0131 d\u00fczenlendi. Yakla\u015f\u0131k 1 saat s\u00fcren toplant\u0131da bilim insanlar\u0131 sunum ger\u00e7ekle\u015ftirdi. Toplant\u0131n\u0131n ard\u0131ndan konuyla ilgili bas\u0131n mensuplar\u0131na a\u00e7\u0131klamalarda bulunan \u0130zmir Valisi S\u00fcleyman Elban, &#8220;28 Ocak tarihinden bu yana Ege\u2019de Santorini Adas\u0131 civar\u0131nda, \u00f6zellikle adan\u0131n kuzey do\u011fu b\u00f6l\u00fcm\u00fcnde yo\u011funla\u015fm\u0131\u015f bir \u015fekilde 15 g\u00fcnden bu yana deprem f\u0131rt\u0131nas\u0131 devam etmekte. 5.2\u2019yi ge\u00e7memek \u00fczere 2 bin 200\u2019e yak\u0131n deprem kaydedildi. AFAD Ba\u015fkanl\u0131\u011f\u0131\u2019m\u0131zdan genel m\u00fcd\u00fcrlerimiz, bilim kurulu \u00fcyeleri, MTA\u2019dan, Meteoroloji Genel M\u00fcd\u00fcrl\u00fc\u011f\u00fc\u2019m\u00fczden, Kandilli Rasathane\u2019mizden bilim insanlar\u0131yla de\u011ferlendirme toplant\u0131s\u0131 yapt\u0131k. Santorini civar\u0131nda olu\u015facak bir depremin, volkanik patlama ya da tsunaminin \u00fclkemiz k\u0131y\u0131lar\u0131na ya da \u00f6zelde ilimize etkilerini de\u011ferlendirdik. Etkilerden sonra olu\u015facak duruma g\u00f6re tedbirleri de\u011ferlendirdik. 28 Ocak\u2019tan bu yana ilimizde koordinasyon dahil olan t\u00fcm kurumlar\u0131m\u0131zla birlikte de\u011ferlendirmelerimizi yap\u0131yorduk. Ancak bug\u00fcn Ankara ve di\u011fer illerimizden gelen bilim heyeti ve kurumlar\u0131m\u0131z\u0131n ortak de\u011ferlendirmesiyle yap\u0131lan \u00e7al\u0131\u015fmalar ve tedbirler g\u00f6zden ge\u00e7irildi&#8221; diye konu\u015ftu.<\/p>\n<p>&#8220;K\u00fcl ta\u015f\u0131n\u0131m\u0131 beklenmiyor&#8221;<br \/>\n<br \/>Deprem hareketlili\u011finin ba\u015flad\u0131\u011f\u0131 g\u00fcnden bu yana AFAD\u2019\u0131n, \u0130zmir\u2019e h\u0131zl\u0131 bir \u015fekilde mobil ikaz ve alarm sistemi g\u00f6nderdi\u011fini ve Seferihisar\u2019a kuruldu\u011funu belirten Vali Elban, \u015funlar\u0131 kaydetti:<br \/>\n<br \/>&#8220;\u0130limizde afet y\u00f6netim merkezlerinin 30 il\u00e7enin tamam\u0131na yayg\u0131nla\u015ft\u0131rmaya ba\u015flad\u0131k. AFAD, di\u011fer illerde 71 takviye ekip g\u00f6revlendirdi. 5 tanesi Seferihisar, di\u011ferleri il merkezinde g\u00f6rev yap\u0131yor. Herhangi bir tehlike durumunda arkada\u015flar\u0131m\u0131z buralarda bekliyor. Yap\u0131lan de\u011ferlendirmelerde Santorini civar\u0131nda olu\u015facak bir depremin do\u011frudan ilimizde olumsuz sonu\u00e7lar olu\u015fturacak etkisi olmayaca\u011f\u0131 sonucuna vard\u0131k. Orada olu\u015facak bir tsunaminin gerek Ege\u2019deki ada say\u0131s\u0131n\u0131n fazlal\u0131\u011f\u0131 gerek mesafe nedeniyle maksimum 50-60 santim dalga olur. Bununla birlikte Ege k\u0131y\u0131lar\u0131nda hemen hemen hissedilmeyece\u011fi sonucu \u00e7\u0131kt\u0131. Ayr\u0131ca volkan patlamas\u0131 durumunda olu\u015facak maksimum k\u00fcl olu\u015fumunda da ilimizde s\u0131k\u0131nt\u0131ya neden olacak k\u00fcl ta\u015f\u0131n\u0131m\u0131 beklenmiyor. Dolay\u0131s\u0131yla Santorini civar\u0131ndaki depremde ilimizin etkilenme ihtimalinin \u00e7ok az oldu\u011fu ya da olmad\u0131\u011f\u0131 yap\u0131lan modellemelerde ortaya \u00e7\u0131kt\u0131.&#8221;<\/p>\n<p>&#8220;Tedbirlerimizi al\u0131yoruz&#8221;<br \/>\n<br \/>\u0130zmir\u2019in kendisine ait deprem riskinin mevcut oldu\u011fundan bahseden Elban, &#8220;Biz onu da d\u00fc\u015f\u00fcnerek her t\u00fcrl\u00fc tedbirimizi al\u0131yoruz ancak Santorini kaynakl\u0131 insan\u0131m\u0131z\u0131 endi\u015feye sevk edecek bir risk olmad\u0131\u011f\u0131n\u0131 g\u00f6rm\u00fc\u015f olduk. 28 Ocak\u2019tan bu yana oldu\u011fu gibi t\u00fcm kurum ve kurulu\u015flar\u0131m\u0131zla hem de Ankara\u2019da; AFAD, MTA, Meteoroloji Genel M\u00fcd\u00fcrl\u00fc\u011f\u00fc, Kandilli Rasathanesi ve hocalar\u0131m\u0131z\u0131n y\u00fcr\u00fctt\u00fc\u011f\u00fc \u00e7al\u0131\u015fmalarla isti\u015fare halindeyiz. \u015eu an i\u00e7in endi\u015feye mahal verici durum olmad\u0131\u011f\u0131n\u0131n alt\u0131n\u0131 \u00e7iziyorum&#8221; a\u00e7\u0131klamalar\u0131na yer verdi.<br \/>\n<br \/>Toplant\u0131ya, AFAD Deprem ve Risk Azaltma Genel M\u00fcd\u00fcr\u00fc Orhan Tatar, Kandilli Rasathanesi ve Deprem Ara\u015ft\u0131rma Enstit\u00fcs\u00fc M\u00fcd\u00fcr\u00fc Prof. Dr. Nurcan Meral \u00d6zen, ODT\u00dc \u0130n\u015faat B\u00f6l\u00fcm\u00fc \u00d6\u011fretim \u00dcyesi Prof. Dr. Ahmet Cevdet Yal\u00e7\u0131ner, Meteoroloji Genel M\u00fcd\u00fcr Yard\u0131mc\u0131s\u0131 Y\u00fcksel Ya\u011fan, \u0130zmir B\u00fcy\u00fck\u015fehir Belediye Ba\u015fkan\u0131 Cemil Tugay, Ege Ordusu ve Garnizon Komutan\u0131 Orgeneral \u0130rfan \u00d6zsert, \u0130zmir \u0130l Emniyet M\u00fcd\u00fcr\u00fc Celal Sel, bilim insanlar\u0131, AFAD ve Meteoroloji Genel M\u00fcd\u00fcrl\u00fc\u011f\u00fc yetkilileri ile il\u00e7e belediye ba\u015fkanlar\u0131 kat\u0131ld\u0131.<br \/><\/p>\n","protected":false},"excerpt":{"rendered":"<p>\u0130zmir\u2019de d\u00fczenlenen \u2019Ege Denizi Santorini Adas\u0131 ve Civar\u0131ndaki Sismik Aktiviteye Y\u00f6nelik Olas\u0131 Risk De\u011ferlendirmesi B\u00f6lgesel Koordinasyon Toplant\u0131s\u0131\u2019nda konu\u015fan \u0130zmir Valisi S\u00fcleyman Elban, &#8220;Santorini civar\u0131nda olu\u015facak bir depremin do\u011frudan ilimizde olumsuz sonu\u00e7lar olu\u015fturacak ektisi olmayaca\u011f\u0131 sonucunda vard\u0131k. Orada olu\u015facak bir tsunaminin gerek Ege\u2019deki ada say\u0131s\u0131n\u0131n fazlal\u0131\u011f\u0131 gerek mesafe nedeniyle maksimum 50-60 santim dalga olur. Bununla birlikte&#8230;<\/p>\n","protected":false},"author":1,"featured_media":18408,"comment_status":"open","ping_status":"open","sticky":false,"template":"","format":"standard","meta":{"_crdt_document":"","footnotes":""},"categories":[1],"tags":[],"class_list":["post-18407","post","type-post","status-publish","format-standard","has-post-thumbnail","hentry","category-guncel"],"_links":{"self":[{"href":"https:\/\/www.egemtv.com\/index.php?rest_route=\/wp\/v2\/posts\/18407","targetHints":{"allow":["GET"]}}],"collection":[{"href":"https:\/\/www.egemtv.com\/index.php?rest_route=\/wp\/v2\/posts"}],"about":[{"href":"https:\/\/www.egemtv.com\/index.php?rest_route=\/wp\/v2\/types\/post"}],"author":[{"embeddable":true,"href":"https:\/\/www.egemtv.com\/index.php?rest_route=\/wp\/v2\/users\/1"}],"replies":[{"embeddable":true,"href":"https:\/\/www.egemtv.com\/index.php?rest_route=%2Fwp%2Fv2%2Fcomments&post=18407"}],"version-history":[{"count":1,"href":"https:\/\/www.egemtv.com\/index.php?rest_route=\/wp\/v2\/posts\/18407\/revisions"}],"predecessor-version":[{"id":18409,"href":"https:\/\/www.egemtv.com\/index.php?rest_route=\/wp\/v2\/posts\/18407\/revisions\/18409"}],"wp:featuredmedia":[{"embeddable":true,"href":"https:\/\/www.egemtv.com\/index.php?rest_route=\/wp\/v2\/media\/18408"}],"wp:attachment":[{"href":"https:\/\/www.egemtv.com\/index.php?rest_route=%2Fwp%2Fv2%2Fmedia&parent=18407"}],"wp:term":[{"taxonomy":"category","embeddable":true,"href":"https:\/\/www.egemtv.com\/index.php?rest_route=%2Fwp%2Fv2%2Fcategories&post=18407"},{"taxonomy":"post_tag","embeddable":true,"href":"https:\/\/www.egemtv.com\/index.php?rest_route=%2Fwp%2Fv2%2Ftags&post=18407"}],"curies":[{"name":"wp","href":"https:\/\/api.w.org\/{rel}","templated":true}]}}