{"id":18401,"date":"2025-02-13T12:40:42","date_gmt":"2025-02-13T09:40:42","guid":{"rendered":"https:\/\/www.egemtv.com\/?p=18401"},"modified":"2025-02-13T12:40:47","modified_gmt":"2025-02-13T09:40:47","slug":"isiklar-seker-ortaokulu-hentbol-takimi-turkiye-finallerinde","status":"publish","type":"post","link":"https:\/\/www.egemtv.com\/?p=18401","title":{"rendered":"I\u015f\u0131klar \u015eeker Ortaokulu Hentbol Tak\u0131m\u0131 T\u00fcrkiye finallerinde"},"content":{"rendered":"<p>Afyonkarahisar I\u015f\u0131klar \u015eeker Ortaokulu Y\u0131ld\u0131z K\u0131zlar Hentbol Tak\u0131m\u0131, 8-12 \u015eubat tarihlerinde Konya\u2019da d\u00fczenlenen yar\u0131 finallerde g\u00f6sterdi\u011fi \u00fcst\u00fcn performansla birincilik elde ederek T\u00fcrkiye Finalleri\u2019ne kat\u0131lmaya hak kazand\u0131.<br \/>\n<br \/>B\u00f6lge elemelerinden ba\u015far\u0131yla \u00e7\u0131karak yar\u0131 finallerde m\u00fccadele eden I\u015f\u0131klar \u015eeker Ortaokulu, g\u00fc\u00e7l\u00fc rakiplerine kar\u015f\u0131 sergiledi\u011fi etkileyici oyunla \u015fampiyonlu\u011fa ula\u015ft\u0131. Konya\u2019da oynanan kar\u015f\u0131la\u015fmalarda taktik disiplini, tak\u0131m ruhu ve m\u00fccadele azmiyle dikkat \u00e7eken gen\u00e7 sporcular, final etab\u0131nda rakiplerini ma\u011flup ederek Aksaray\u2019da d\u00fczenlenecek T\u00fcrkiye Finalleri\u2019ne kat\u0131lmaya hak kazand\u0131. Afyonkarahisar Gen\u00e7lik ve Spor \u0130l M\u00fcd\u00fcr\u00fc \u0130smail Hakk\u0131 Kasapo\u011flu, b\u00fcy\u00fck bir ba\u015far\u0131ya imza atan sporcular\u0131 ve onlar\u0131 yeti\u015ftiren \u00f6\u011fretmenleri tebrik etti. Kasapo\u011flu, yapt\u0131\u011f\u0131 a\u00e7\u0131klamada: &#8220;I\u015f\u0131klar \u015eeker Ortaokulu Y\u0131ld\u0131z K\u0131zlar Hentbol Tak\u0131m\u0131, b\u00fcy\u00fck bir azim ve kararl\u0131l\u0131kla m\u00fccadele ederek T\u00fcrkiye Finalleri\u2019ne y\u00fckseldi. Bu ba\u015far\u0131da eme\u011fi ge\u00e7en t\u00fcm sporcular\u0131m\u0131z\u0131, antren\u00f6rlerimizi ve \u00f6\u011fretmenlerimizi y\u00fcrekten kutluyor, Aksaray\u2019da d\u00fczenlenecek finallerde ba\u015far\u0131lar diliyorum. Afyonkarahisar olarak sporun her bran\u015f\u0131nda geli\u015fmeye ve ba\u015far\u0131l\u0131 sporcular yeti\u015ftirmeye devam edece\u011fiz&#8221; dedi.<br \/><\/p>\n","protected":false},"excerpt":{"rendered":"<p>Afyonkarahisar I\u015f\u0131klar \u015eeker Ortaokulu Y\u0131ld\u0131z K\u0131zlar Hentbol Tak\u0131m\u0131, 8-12 \u015eubat tarihlerinde Konya\u2019da d\u00fczenlenen yar\u0131 finallerde g\u00f6sterdi\u011fi \u00fcst\u00fcn performansla birincilik elde ederek T\u00fcrkiye Finalleri\u2019ne kat\u0131lmaya hak kazand\u0131. B\u00f6lge elemelerinden ba\u015far\u0131yla \u00e7\u0131karak yar\u0131 finallerde m\u00fccadele eden I\u015f\u0131klar \u015eeker Ortaokulu, g\u00fc\u00e7l\u00fc rakiplerine kar\u015f\u0131 sergiledi\u011fi etkileyici oyunla \u015fampiyonlu\u011fa ula\u015ft\u0131. Konya\u2019da oynanan kar\u015f\u0131la\u015fmalarda taktik disiplini, tak\u0131m ruhu ve m\u00fccadele azmiyle&#8230;<\/p>\n","protected":false},"author":1,"featured_media":18402,"comment_status":"open","ping_status":"open","sticky":false,"template":"","format":"standard","meta":{"_crdt_document":"","footnotes":""},"categories":[4],"tags":[],"class_list":["post-18401","post","type-post","status-publish","format-standard","has-post-thumbnail","hentry","category-spor"],"_links":{"self":[{"href":"https:\/\/www.egemtv.com\/index.php?rest_route=\/wp\/v2\/posts\/18401","targetHints":{"allow":["GET"]}}],"collection":[{"href":"https:\/\/www.egemtv.com\/index.php?rest_route=\/wp\/v2\/posts"}],"about":[{"href":"https:\/\/www.egemtv.com\/index.php?rest_route=\/wp\/v2\/types\/post"}],"author":[{"embeddable":true,"href":"https:\/\/www.egemtv.com\/index.php?rest_route=\/wp\/v2\/users\/1"}],"replies":[{"embeddable":true,"href":"https:\/\/www.egemtv.com\/index.php?rest_route=%2Fwp%2Fv2%2Fcomments&post=18401"}],"version-history":[{"count":1,"href":"https:\/\/www.egemtv.com\/index.php?rest_route=\/wp\/v2\/posts\/18401\/revisions"}],"predecessor-version":[{"id":18403,"href":"https:\/\/www.egemtv.com\/index.php?rest_route=\/wp\/v2\/posts\/18401\/revisions\/18403"}],"wp:featuredmedia":[{"embeddable":true,"href":"https:\/\/www.egemtv.com\/index.php?rest_route=\/wp\/v2\/media\/18402"}],"wp:attachment":[{"href":"https:\/\/www.egemtv.com\/index.php?rest_route=%2Fwp%2Fv2%2Fmedia&parent=18401"}],"wp:term":[{"taxonomy":"category","embeddable":true,"href":"https:\/\/www.egemtv.com\/index.php?rest_route=%2Fwp%2Fv2%2Fcategories&post=18401"},{"taxonomy":"post_tag","embeddable":true,"href":"https:\/\/www.egemtv.com\/index.php?rest_route=%2Fwp%2Fv2%2Ftags&post=18401"}],"curies":[{"name":"wp","href":"https:\/\/api.w.org\/{rel}","templated":true}]}}