{"id":18395,"date":"2025-02-13T12:31:21","date_gmt":"2025-02-13T09:31:21","guid":{"rendered":"https:\/\/www.egemtv.com\/?p=18395"},"modified":"2025-02-13T12:31:25","modified_gmt":"2025-02-13T09:31:25","slug":"denizli-komedi-sahnesi-tum-hiziyla-devam-ediyor","status":"publish","type":"post","link":"https:\/\/www.egemtv.com\/?p=18395","title":{"rendered":"Denizli Komedi Sahnesi t\u00fcm h\u0131z\u0131yla devam ediyor"},"content":{"rendered":"<p>Denizli B\u00fcy\u00fck\u015fehir Belediyesi ev sahipli\u011finde ilk kez d\u00fczenlenen &#8220;Denizli Komedi Sahnesi&#8221; ile birbirinden \u00fcnl\u00fc komedyenler Denizli halk\u0131yla bulu\u015fmaya devam ediyor.  \u00dcnl\u00fc komedyen Do\u011fu Demirkol\u2019un sahne ald\u0131\u011f\u0131 programa kat\u0131lanlar unutulmaz bir ak\u015fam ya\u015farken, Demirkol, performans\u0131yla Denizli\u2019yi k\u0131rd\u0131 ge\u00e7irdi.<\/p>\n<p>Denizli B\u00fcy\u00fck\u015fehir Belediyesi taraf\u0131ndan ger\u00e7ekle\u015ftirilen bu b\u00fcy\u00fck organizasyon T\u00fcrkiye\u2019nin en sevilen komedyenlerini misafir etmeye devam ediyor.  Tahsin Haso\u011flu ve Baturay \u00d6zdemir\u2019in ard\u0131ndan Do\u011fu Demirkol da Denizlililerle bulu\u015ftu. Nihat Zeybekci Kongre ve K\u00fclt\u00fcr Merkezi Mehmet Gazi Salonu\u2019nda d\u00fczenlenen programa B\u00fcy\u00fck\u015fehir Belediye Ba\u015fkan\u0131 B\u00fclent Nuri \u00c7avu\u015fo\u011flu, e\u015fi Nilg\u00fcn \u00c7avu\u015fo\u011flu, Ba\u015fkanvekili Ali Mar\u0131m, il\u00e7e belediye ba\u015fkanlar\u0131, davetliler ve \u00e7ok say\u0131da vatanda\u015f kat\u0131ld\u0131. Yakla\u015f\u0131k iki saat sahnede kalan Demirkol, ya\u015fam\u0131ndan g\u00fcld\u00fcr\u00fc niteli\u011fi ta\u015f\u0131yan hat\u0131ralardan bahsetti. Sevilen komedyen Demirkol, aile fertlerinin birbirinden tamamen farkl\u0131 d\u00fcnya g\u00f6r\u00fc\u015flerine sahip olmalar\u0131ndan hareketle ya\u015fad\u0131klar\u0131 ilgin\u00e7 ve e\u011flenceli deneyimleri aktard\u0131.<\/p>\n<p>Ba\u015fkan \u00c7avu\u015fo\u011flu\u2019ndan plaket esprisi<br \/>\n<br \/>Denizli B\u00fcy\u00fck\u015fehir Belediye Ba\u015fkan\u0131 B\u00fclent Nuri \u00c7avu\u015fo\u011flu, program sonunda ba\u015far\u0131l\u0131 isme te\u015fekk\u00fcr ederek, g\u00fcn\u00fcn an\u0131s\u0131na plaket takdiminde bulundu. Keyifli anlara sahne olan plaket takdiminde Ba\u015fkan \u00c7avu\u015fo\u011flu ile Do\u011fu Demirkol aras\u0131ndaki diyalog davetlileri kahkahaya bo\u011fdu.<\/p>\n<p>Denizli Komedi Sahnesi Takvimi<br \/>\n<br \/>13 \u015eubat Saat: 19.30  &#8211; Mesut S\u00fcre (\u0130li\u015fki Testi)<br \/>\n<br \/>14 \u015eubat Saat: 19.30  &#8211; Kaan Sekban<br \/>\n<br \/>15 \u015eubat Saat: 19.30  &#8211; Can Y\u0131lmaz &amp; Zafer Alg\u00f6z (Burda Olan Burda Kal\u0131r)<br \/>\n<br \/>16 \u015eubat Saat: 19.30  &#8211; \u00c7imen Show (Cem \u0130\u015f\u00e7iler &amp; Fazl\u0131 Polat)<br \/><\/p>\n","protected":false},"excerpt":{"rendered":"<p>Denizli B\u00fcy\u00fck\u015fehir Belediyesi ev sahipli\u011finde ilk kez d\u00fczenlenen &#8220;Denizli Komedi Sahnesi&#8221; ile birbirinden \u00fcnl\u00fc komedyenler Denizli halk\u0131yla bulu\u015fmaya devam ediyor. \u00dcnl\u00fc komedyen Do\u011fu Demirkol\u2019un sahne ald\u0131\u011f\u0131 programa kat\u0131lanlar unutulmaz bir ak\u015fam ya\u015farken, Demirkol, performans\u0131yla Denizli\u2019yi k\u0131rd\u0131 ge\u00e7irdi. Denizli B\u00fcy\u00fck\u015fehir Belediyesi taraf\u0131ndan ger\u00e7ekle\u015ftirilen bu b\u00fcy\u00fck organizasyon T\u00fcrkiye\u2019nin en sevilen komedyenlerini misafir etmeye devam ediyor. Tahsin Haso\u011flu&#8230;<\/p>\n","protected":false},"author":1,"featured_media":18396,"comment_status":"open","ping_status":"open","sticky":false,"template":"","format":"standard","meta":{"_crdt_document":"","footnotes":""},"categories":[1],"tags":[],"class_list":["post-18395","post","type-post","status-publish","format-standard","has-post-thumbnail","hentry","category-guncel"],"_links":{"self":[{"href":"https:\/\/www.egemtv.com\/index.php?rest_route=\/wp\/v2\/posts\/18395","targetHints":{"allow":["GET"]}}],"collection":[{"href":"https:\/\/www.egemtv.com\/index.php?rest_route=\/wp\/v2\/posts"}],"about":[{"href":"https:\/\/www.egemtv.com\/index.php?rest_route=\/wp\/v2\/types\/post"}],"author":[{"embeddable":true,"href":"https:\/\/www.egemtv.com\/index.php?rest_route=\/wp\/v2\/users\/1"}],"replies":[{"embeddable":true,"href":"https:\/\/www.egemtv.com\/index.php?rest_route=%2Fwp%2Fv2%2Fcomments&post=18395"}],"version-history":[{"count":1,"href":"https:\/\/www.egemtv.com\/index.php?rest_route=\/wp\/v2\/posts\/18395\/revisions"}],"predecessor-version":[{"id":18397,"href":"https:\/\/www.egemtv.com\/index.php?rest_route=\/wp\/v2\/posts\/18395\/revisions\/18397"}],"wp:featuredmedia":[{"embeddable":true,"href":"https:\/\/www.egemtv.com\/index.php?rest_route=\/wp\/v2\/media\/18396"}],"wp:attachment":[{"href":"https:\/\/www.egemtv.com\/index.php?rest_route=%2Fwp%2Fv2%2Fmedia&parent=18395"}],"wp:term":[{"taxonomy":"category","embeddable":true,"href":"https:\/\/www.egemtv.com\/index.php?rest_route=%2Fwp%2Fv2%2Fcategories&post=18395"},{"taxonomy":"post_tag","embeddable":true,"href":"https:\/\/www.egemtv.com\/index.php?rest_route=%2Fwp%2Fv2%2Ftags&post=18395"}],"curies":[{"name":"wp","href":"https:\/\/api.w.org\/{rel}","templated":true}]}}