{"id":18392,"date":"2025-02-13T12:31:15","date_gmt":"2025-02-13T09:31:15","guid":{"rendered":"https:\/\/www.egemtv.com\/?p=18392"},"modified":"2025-02-13T12:31:20","modified_gmt":"2025-02-13T09:31:20","slug":"dto-uyeleri-frankfurtta-ambiente-2025-fuarina-katildi","status":"publish","type":"post","link":"https:\/\/www.egemtv.com\/?p=18392","title":{"rendered":"DTO \u00fcyeleri, Frankfurt\u2019ta Ambiente 2025 Fuar\u0131na kat\u0131ld\u0131"},"content":{"rendered":"<p>Denizli Ticaret Odas\u0131 (DTO), 30 \u00fcyesinden olu\u015fan bir heyetle, Frankfurt\u2019taki Ambiente 2025 Fuar\u0131\u2019na kat\u0131ld\u0131. D\u00fcnyan\u0131n \u00f6nde gelen ticaret fuarlar\u0131ndan biri olan Almanya\u2019n\u0131n Ev E\u015fyalar\u0131 ve Z\u00fcccaciye Fuar\u0131 Ambiente 2025\u2019te, Denizli\u2019den DTO\u2019ya kay\u0131tl\u0131 6 firmada fuarda stant a\u00e7t\u0131.<\/p>\n<p>DTO \u00fcyeleri, d\u00fcnyan\u0131n \u00f6nde gelen ticaret fuarlar\u0131ndan biri olan Almanya\u2019n\u0131n Ev E\u015fyalar\u0131 ve Z\u00fcccaciye Fuar\u0131 Ambiente 2025\u2019te, global i\u015f a\u011flar\u0131n\u0131 geni\u015fletme imk\u00e2n\u0131 buldu ve sekt\u00f6rdeki yeni i\u015f birlikleri i\u00e7in \u00f6nemli ikili g\u00f6r\u00fc\u015fmeler ger\u00e7ekle\u015ftirdi. Denizli\u2019den DTO\u2019ya kay\u0131tl\u0131 6 firma da fuarda stant a\u00e7t\u0131. Denizli temsil eden 6 firmaya te\u015fekk\u00fcrlerini ileten DTO Y\u00f6netim Kurulu Ba\u015fkan\u0131 U\u011fur Erdo\u011fan, &#8220;Organizasyonun, Denizli\u2019nin ticari vizyonunu geli\u015ftirme yolunda at\u0131lan bir ad\u0131m olarak \u00fcyelerimize ve \u015fehrimizin ekonomik potansiyeline katk\u0131 sa\u011flamas\u0131n\u0131 diliyoruz. Talep olduk\u00e7a bu t\u00fcrde organizasyonlar\u0131m\u0131z s\u00fcrecek. Y\u0131l boyunca 42 farkl\u0131 fuar i\u00e7in \u00fcyelerimize \u00e7a\u011fr\u0131da bulunacak ve gelen talepleri de\u011ferlendirip destekleyece\u011fiz&#8221; dedi.<\/p>\n<p>&#8220;\u00dcyelerimiz, Denizli\u2019mizi en iyi \u015fekilde temsil ettiler&#8221;<br \/>\n<br \/>Denizli\u2019yi en iyi \u015fekilde temsil ettiklerini belirterek \u00fcyelerine te\u015fekk\u00fcr eden DTO Y\u00f6netim Kurulu Ba\u015fkan\u0131 U\u011fur Erdo\u011fan, &#8220;\u00dcyelerimiz, ayn\u0131 zamanda sekt\u00f6rlerindeki yenilikleri ve trendleri yak\u0131ndan takip etme f\u0131rsat\u0131 da buldu. Ayr\u0131ca firma ziyaretlerinde de bulundular. Almanya ziyareti, her birini bir g\u00fcn ihracat\u00e7\u0131 olarak g\u00f6rmeyi umdu\u011fumuz \u00fcyelerimize yurt d\u0131\u015f\u0131ndaki i\u015f d\u00fcnyas\u0131yla ilgili \u00f6nemli bir perspektif kazand\u0131r\u0131rken, uluslararas\u0131 ticaretin geli\u015ftirilmesine y\u00f6nelik yeni i\u015f birli\u011fi alanlar\u0131n\u0131n da \u00f6n\u00fcn\u00fc a\u00e7t\u0131. Organizasyonun, Denizli\u2019nin ticari vizyonunu geli\u015ftirme yolunda at\u0131lan bir ad\u0131m olarak \u00fcyelerimize ve \u015fehrimizin ekonomik potansiyeline katk\u0131 sa\u011flamas\u0131n\u0131 diliyoruz. Talep olduk\u00e7a bu t\u00fcrde organizasyonlar\u0131m\u0131z s\u00fcrecek. Y\u0131l boyunca 42 farkl\u0131 fuar i\u00e7in \u00fcyelerimize \u00e7a\u011fr\u0131da bulunacak ve gelen talepleri de\u011ferlendirip destekleyece\u011fiz&#8221; diye konu\u015ftu.<\/p>\n<p>Denizli Ticaret Odas\u0131 (DTO) fuar heyeti, daha sonra Almanya\u2019n\u0131n Solingen \u015fehrinde, 17. y\u00fczy\u0131ldan bu yana faaliyet g\u00f6steren d\u00fcnyaca \u00fcnl\u00fc B\u00d6KER firmas\u0131n\u0131 ziyaret etti. Bir\u00e7ok \u00fclkede ticari faaliyetlerde bulunan ve \u00f6zellikle b\u0131\u00e7ak ile mutfak ara\u00e7 gere\u00e7leri \u00fcretiminde uzmanla\u015fan firma, Amerika pazar\u0131nda \u00f6nemli bir yer edinmi\u015f durumda. DTO heyeti, firma yetkililerinin rehberli\u011finde B\u00d6KER\u2019in \u00fcretim alanlar\u0131n\u0131 gezerek \u00fcretim s\u00fcre\u00e7lerini yak\u0131ndan inceleme f\u0131rsat\u0131 buldu. Yetkililer, firman\u0131n ge\u00e7mi\u015ften g\u00fcn\u00fcm\u00fcze uzanan hikayesi, inovatif yakla\u015f\u0131mlar\u0131 ve k\u00fcresel ticari ba\u015far\u0131lar\u0131 hakk\u0131nda detayl\u0131 bilgiler verdi. Ziyaret s\u0131ras\u0131nda, geleneksel el i\u015f\u00e7ili\u011fi ile modern teknolojinin bir araya geldi\u011fi \u00fcretim teknikleri, heyettekilerin ilgisini \u00e7ekti.<\/p>\n<p>T\u00fcrk \u0130\u015f \u0130nsanlar\u0131na, Avrupa Denizliler Derne\u011fi Ba\u015fkan\u0131 \u0130nce\u00f6ren e\u015flik etti<br \/>\n<br \/>DTO\u2019nun heyeti, Avrupa Denizliler Derne\u011fi Ba\u015fkan\u0131 Ali \u0130nce\u00f6ren\u2019in i\u015f yerini de ziyaret etti. Almanya ba\u015fta olmak \u00fczere Avrupa\u2019da i\u015f yapmak isteyen DTO \u00fcyeleri i\u00e7in \u00f6nemli bir bilgi ve network kayna\u011f\u0131 olan \u0130nce\u00f6ren, yurt d\u0131\u015f\u0131ndaki ticari faaliyetleri hakk\u0131nda detayl\u0131 bilgiler vererek misafirlerine rehberlik etti. Heyette yer alanlar\u0131n \u00f6zellikle ticari faaliyetlerini yak\u0131ndan ilgilendiren dekorasyon sekt\u00f6r\u00fcne y\u00f6nelik projelerinden biri olan ve T\u00fcrkiye\u2019de \u00fcrettirilip Avrupa pazar\u0131na sunulan yeni ipek s\u0131va markas\u0131 olan NishPlas hakk\u0131nda kapsaml\u0131 bir tan\u0131t\u0131mda bulundu. Yenilik\u00e7i \u00fcr\u00fcn\u00fcn\u00fcn \u00fcretim s\u00fcreci, pazarlama stratejisi ve Avrupa\u2019daki hedef kitlesi \u00fczerine bilgiler veren \u0130nce\u00f6ren hem konuklar\u0131n\u0131n mevcut i\u015f ba\u011flant\u0131lar\u0131n\u0131 g\u00fc\u00e7lendirmelerine hem de yeni i\u015f f\u0131rsatlar\u0131 yakalamalar\u0131na katk\u0131 sa\u011flad\u0131. Heyettekiler, Ba\u015fkan \u0130nce\u00f6ren\u2019e &#8220;Misafirperverli\u011finiz, ilginiz ve nezaketinizden dolay\u0131 te\u015fekk\u00fcr ederiz&#8221; diyerek Denizli Horozu plaketi takdim ettiler.<br \/><\/p>\n","protected":false},"excerpt":{"rendered":"<p>Denizli Ticaret Odas\u0131 (DTO), 30 \u00fcyesinden olu\u015fan bir heyetle, Frankfurt\u2019taki Ambiente 2025 Fuar\u0131\u2019na kat\u0131ld\u0131. D\u00fcnyan\u0131n \u00f6nde gelen ticaret fuarlar\u0131ndan biri olan Almanya\u2019n\u0131n Ev E\u015fyalar\u0131 ve Z\u00fcccaciye Fuar\u0131 Ambiente 2025\u2019te, Denizli\u2019den DTO\u2019ya kay\u0131tl\u0131 6 firmada fuarda stant a\u00e7t\u0131. DTO \u00fcyeleri, d\u00fcnyan\u0131n \u00f6nde gelen ticaret fuarlar\u0131ndan biri olan Almanya\u2019n\u0131n Ev E\u015fyalar\u0131 ve Z\u00fcccaciye Fuar\u0131 Ambiente 2025\u2019te, global&#8230;<\/p>\n","protected":false},"author":1,"featured_media":18393,"comment_status":"open","ping_status":"open","sticky":false,"template":"","format":"standard","meta":{"_crdt_document":"","footnotes":""},"categories":[125],"tags":[],"class_list":["post-18392","post","type-post","status-publish","format-standard","has-post-thumbnail","hentry","category-ekonomi"],"_links":{"self":[{"href":"https:\/\/www.egemtv.com\/index.php?rest_route=\/wp\/v2\/posts\/18392","targetHints":{"allow":["GET"]}}],"collection":[{"href":"https:\/\/www.egemtv.com\/index.php?rest_route=\/wp\/v2\/posts"}],"about":[{"href":"https:\/\/www.egemtv.com\/index.php?rest_route=\/wp\/v2\/types\/post"}],"author":[{"embeddable":true,"href":"https:\/\/www.egemtv.com\/index.php?rest_route=\/wp\/v2\/users\/1"}],"replies":[{"embeddable":true,"href":"https:\/\/www.egemtv.com\/index.php?rest_route=%2Fwp%2Fv2%2Fcomments&post=18392"}],"version-history":[{"count":1,"href":"https:\/\/www.egemtv.com\/index.php?rest_route=\/wp\/v2\/posts\/18392\/revisions"}],"predecessor-version":[{"id":18394,"href":"https:\/\/www.egemtv.com\/index.php?rest_route=\/wp\/v2\/posts\/18392\/revisions\/18394"}],"wp:featuredmedia":[{"embeddable":true,"href":"https:\/\/www.egemtv.com\/index.php?rest_route=\/wp\/v2\/media\/18393"}],"wp:attachment":[{"href":"https:\/\/www.egemtv.com\/index.php?rest_route=%2Fwp%2Fv2%2Fmedia&parent=18392"}],"wp:term":[{"taxonomy":"category","embeddable":true,"href":"https:\/\/www.egemtv.com\/index.php?rest_route=%2Fwp%2Fv2%2Fcategories&post=18392"},{"taxonomy":"post_tag","embeddable":true,"href":"https:\/\/www.egemtv.com\/index.php?rest_route=%2Fwp%2Fv2%2Ftags&post=18392"}],"curies":[{"name":"wp","href":"https:\/\/api.w.org\/{rel}","templated":true}]}}