{"id":18388,"date":"2025-02-13T12:23:19","date_gmt":"2025-02-13T09:23:19","guid":{"rendered":"https:\/\/www.egemtv.com\/?p=18388"},"modified":"2025-02-13T12:23:27","modified_gmt":"2025-02-13T09:23:27","slug":"milletvekili-un-berat-kandilimiz-insanliga-huzur-getirsin-2","status":"publish","type":"post","link":"https:\/\/www.egemtv.com\/?p=18388","title":{"rendered":"Milletvekili \u00dcn; &#8220;Berat kandilimiz insanl\u0131\u011fa huzur getirsin&#8221;"},"content":{"rendered":"<p>Denizli Milletvekili Sema Silkin \u00dcn, Berat Kandili mesaj\u0131nda; &#8220;Berat Kandilinin \u00fclkemize, milletimize ve t\u00fcm \u0130slam \u00e2lemine bar\u0131\u015f, huzur ve esenlik getirmesini temenni ediyorum&#8221; dedi.<\/p>\n<p>Denizli Milletvekili Sema Silkin \u00dcn, Berat Kandili nedeniyle mesaj yay\u0131nlad\u0131. Milletvekili \u00dcn, mesaj\u0131nda, &#8220;Berat kelimesi, Allah\u2019\u0131n aff\u0131na ve rahmetine kavu\u015farak O\u2019nun kat\u0131nda temize \u00e7\u0131kmay\u0131 simgeler. Ramazan ay\u0131n\u0131n m\u00fcjdecisi olan, kurtulu\u015f, af ve ar\u0131nma anlamlar\u0131n\u0131 ifade eden gelen Berat Kandili; Cenab-\u0131 Hakk\u2019\u0131n rahmet ve ma\u011ffiretine nail olabilmek bak\u0131m\u0131ndan t\u00fcm m\u00fcminler i\u00e7in muazzam f\u0131rsatlar sunmaktad\u0131r. Y\u00fcce Allah\u2019\u0131n sonsuz rahmet ve merhamet l\u00fctfunun d\u00fcnya \u00fczerine sa\u011fanak olarak tecelli etti\u011fi, insanlar i\u00e7in ma\u011ffiret vesilesi ve g\u00fcnahlardan kurtulu\u015fa vesile olan m\u00fcbarek Berat Kandil\u2019ine bir kez daha eri\u015fmenin huzurunu ya\u015f\u0131yoruz. Berat Kandilinin \u00fclkemize, milletimize ve t\u00fcm \u0130slam \u00e2lemine bar\u0131\u015f, huzur ve esenlik getirmesini temenni ediyor, bu m\u00fcbarek gecenin g\u00f6n\u00fcllerimize ferahl\u0131k, hayatlar\u0131m\u0131za bereket vesilesi olmas\u0131n\u0131 Y\u00fcce Mevla\u2019dan niyaz ediyorum. Kandilimiz gelece\u011fimize \u0131\u015f\u0131k tutsun, umudumuzu alevlendirsin, ruhumuzu ayd\u0131nlats\u0131n. Ba\u015fta k\u0131ymetli Denizlili hem\u015ferilerimiz olmak \u00fczere, t\u00fcm \u0130slam \u00e2leminin Berat Kandil\u2019ini tebrik ediyorum&#8221; ifadelerini kulland\u0131.<br \/><\/p>\n","protected":false},"excerpt":{"rendered":"<p>Denizli Milletvekili Sema Silkin \u00dcn, Berat Kandili mesaj\u0131nda; &#8220;Berat Kandilinin \u00fclkemize, milletimize ve t\u00fcm \u0130slam \u00e2lemine bar\u0131\u015f, huzur ve esenlik getirmesini temenni ediyorum&#8221; dedi. Denizli Milletvekili Sema Silkin \u00dcn, Berat Kandili nedeniyle mesaj yay\u0131nlad\u0131. Milletvekili \u00dcn, mesaj\u0131nda, &#8220;Berat kelimesi, Allah\u2019\u0131n aff\u0131na ve rahmetine kavu\u015farak O\u2019nun kat\u0131nda temize \u00e7\u0131kmay\u0131 simgeler. Ramazan ay\u0131n\u0131n m\u00fcjdecisi olan, kurtulu\u015f, af&#8230;<\/p>\n","protected":false},"author":1,"featured_media":18389,"comment_status":"open","ping_status":"open","sticky":false,"template":"","format":"standard","meta":{"_crdt_document":"","footnotes":""},"categories":[127],"tags":[],"class_list":["post-18388","post","type-post","status-publish","format-standard","has-post-thumbnail","hentry","category-siyaset"],"_links":{"self":[{"href":"https:\/\/www.egemtv.com\/index.php?rest_route=\/wp\/v2\/posts\/18388","targetHints":{"allow":["GET"]}}],"collection":[{"href":"https:\/\/www.egemtv.com\/index.php?rest_route=\/wp\/v2\/posts"}],"about":[{"href":"https:\/\/www.egemtv.com\/index.php?rest_route=\/wp\/v2\/types\/post"}],"author":[{"embeddable":true,"href":"https:\/\/www.egemtv.com\/index.php?rest_route=\/wp\/v2\/users\/1"}],"replies":[{"embeddable":true,"href":"https:\/\/www.egemtv.com\/index.php?rest_route=%2Fwp%2Fv2%2Fcomments&post=18388"}],"version-history":[{"count":1,"href":"https:\/\/www.egemtv.com\/index.php?rest_route=\/wp\/v2\/posts\/18388\/revisions"}],"predecessor-version":[{"id":18391,"href":"https:\/\/www.egemtv.com\/index.php?rest_route=\/wp\/v2\/posts\/18388\/revisions\/18391"}],"wp:featuredmedia":[{"embeddable":true,"href":"https:\/\/www.egemtv.com\/index.php?rest_route=\/wp\/v2\/media\/18389"}],"wp:attachment":[{"href":"https:\/\/www.egemtv.com\/index.php?rest_route=%2Fwp%2Fv2%2Fmedia&parent=18388"}],"wp:term":[{"taxonomy":"category","embeddable":true,"href":"https:\/\/www.egemtv.com\/index.php?rest_route=%2Fwp%2Fv2%2Fcategories&post=18388"},{"taxonomy":"post_tag","embeddable":true,"href":"https:\/\/www.egemtv.com\/index.php?rest_route=%2Fwp%2Fv2%2Ftags&post=18388"}],"curies":[{"name":"wp","href":"https:\/\/api.w.org\/{rel}","templated":true}]}}