{"id":18377,"date":"2025-02-13T11:53:23","date_gmt":"2025-02-13T08:53:23","guid":{"rendered":"https:\/\/www.egemtv.com\/?p=18377"},"modified":"2025-02-13T11:53:27","modified_gmt":"2025-02-13T08:53:27","slug":"salihlide-unutulmaz-konser","status":"publish","type":"post","link":"https:\/\/www.egemtv.com\/?p=18377","title":{"rendered":"Salihli\u2019de unutulmaz konser"},"content":{"rendered":"<p>Manisa B\u00fcy\u00fck\u015fehir Belediyesi Konservatuvar\u0131 T\u00fcrk Halk M\u00fczi\u011fi (THM) Korosu, \u015eef Hasan Ba\u015fkaya y\u00f6netiminde Salihli\u2019de konser verdi. &#8220;Umut Veren T\u00fcrk\u00fcler&#8221; adl\u0131 konser, Salihli Belediyesi Zafer Keskiner Tiyatro Salonu\u2019nda ger\u00e7ekle\u015fti.<br \/>\n<br \/>Konsere, Salihli Belediye Ba\u015fkan Yard\u0131mc\u0131s\u0131 Yavuz \u00d6zdem, Salihli Belediye Meclis \u00dcyesi Ahmet Kavak, Sa\u011fl\u0131k \u0130\u015fleri M\u00fcd\u00fcr\u00fc Arzu Sever, Ruhsat ve Denetim M\u00fcd\u00fcr\u00fc Selim \u00dcr\u00fcn, K\u00fclt\u00fcr ve Sosyal \u0130\u015fler M\u00fcd\u00fcr\u00fc Asl\u0131 O\u011fuz, Manisa B\u00fcy\u00fck\u015fehir Belediyesi K\u00fclt\u00fcr ve Sanat \u015eube M\u00fcd\u00fcr\u00fc Okan G\u00fcnd\u00fcz ile \u00e7ok say\u0131da sanatsever kat\u0131ld\u0131. Hasan Ba\u015fkaya y\u00f6netimindeki<br \/>\n<br \/>Manisa B\u00fcy\u00fck\u015fehir Belediyesi Konservatuvar\u0131 T\u00fcrk Halk M\u00fczi\u011fi Korosu, T\u00fcrkiye\u2019nin d\u00f6rt bir yan\u0131ndan se\u00e7ilmi\u015f t\u00fcrk\u00fcleri seslendirdi. T\u00fcrk\u00fclere e\u015flik eden izleyiciler, koroyu ayakta alk\u0131\u015flad\u0131.<br \/>\n<br \/>Salihli Belediye Ba\u015fkan Yard\u0131mc\u0131s\u0131 Yavuz \u00d6zdem, koro \u015fefi Hasan Ba\u015fkaya ile koristlere \u00e7i\u00e7ek ve plaket takdim ederek te\u015fekk\u00fcrlerini sundu. Manisa B\u00fcy\u00fck\u015fehir Belediyesi K\u00fclt\u00fcr ve Sanat \u015eube M\u00fcd\u00fcr\u00fc Okan G\u00fcnd\u00fcz ise B\u00fcy\u00fck\u015fehir Belediye Ba\u015fkan\u0131 Ferdi Zeyrek\u2019in selamlar\u0131n\u0131 Salihli halk\u0131na ve salonda bulunan seyircilere ileterek, Manisa\u2019y\u0131 k\u00fclt\u00fcr ve sanat merkezi yapma yolunda \u00e7al\u0131\u015fmalar\u0131n devam edece\u011fini belirtti.<br \/><\/p>\n","protected":false},"excerpt":{"rendered":"<p>Manisa B\u00fcy\u00fck\u015fehir Belediyesi Konservatuvar\u0131 T\u00fcrk Halk M\u00fczi\u011fi (THM) Korosu, \u015eef Hasan Ba\u015fkaya y\u00f6netiminde Salihli\u2019de konser verdi. &#8220;Umut Veren T\u00fcrk\u00fcler&#8221; adl\u0131 konser, Salihli Belediyesi Zafer Keskiner Tiyatro Salonu\u2019nda ger\u00e7ekle\u015fti. Konsere, Salihli Belediye Ba\u015fkan Yard\u0131mc\u0131s\u0131 Yavuz \u00d6zdem, Salihli Belediye Meclis \u00dcyesi Ahmet Kavak, Sa\u011fl\u0131k \u0130\u015fleri M\u00fcd\u00fcr\u00fc Arzu Sever, Ruhsat ve Denetim M\u00fcd\u00fcr\u00fc Selim \u00dcr\u00fcn, K\u00fclt\u00fcr ve Sosyal&#8230;<\/p>\n","protected":false},"author":1,"featured_media":18378,"comment_status":"open","ping_status":"open","sticky":false,"template":"","format":"standard","meta":{"_crdt_document":"","footnotes":""},"categories":[1],"tags":[],"class_list":["post-18377","post","type-post","status-publish","format-standard","has-post-thumbnail","hentry","category-guncel"],"_links":{"self":[{"href":"https:\/\/www.egemtv.com\/index.php?rest_route=\/wp\/v2\/posts\/18377","targetHints":{"allow":["GET"]}}],"collection":[{"href":"https:\/\/www.egemtv.com\/index.php?rest_route=\/wp\/v2\/posts"}],"about":[{"href":"https:\/\/www.egemtv.com\/index.php?rest_route=\/wp\/v2\/types\/post"}],"author":[{"embeddable":true,"href":"https:\/\/www.egemtv.com\/index.php?rest_route=\/wp\/v2\/users\/1"}],"replies":[{"embeddable":true,"href":"https:\/\/www.egemtv.com\/index.php?rest_route=%2Fwp%2Fv2%2Fcomments&post=18377"}],"version-history":[{"count":1,"href":"https:\/\/www.egemtv.com\/index.php?rest_route=\/wp\/v2\/posts\/18377\/revisions"}],"predecessor-version":[{"id":18379,"href":"https:\/\/www.egemtv.com\/index.php?rest_route=\/wp\/v2\/posts\/18377\/revisions\/18379"}],"wp:featuredmedia":[{"embeddable":true,"href":"https:\/\/www.egemtv.com\/index.php?rest_route=\/wp\/v2\/media\/18378"}],"wp:attachment":[{"href":"https:\/\/www.egemtv.com\/index.php?rest_route=%2Fwp%2Fv2%2Fmedia&parent=18377"}],"wp:term":[{"taxonomy":"category","embeddable":true,"href":"https:\/\/www.egemtv.com\/index.php?rest_route=%2Fwp%2Fv2%2Fcategories&post=18377"},{"taxonomy":"post_tag","embeddable":true,"href":"https:\/\/www.egemtv.com\/index.php?rest_route=%2Fwp%2Fv2%2Ftags&post=18377"}],"curies":[{"name":"wp","href":"https:\/\/api.w.org\/{rel}","templated":true}]}}