{"id":18374,"date":"2025-02-13T11:53:17","date_gmt":"2025-02-13T08:53:17","guid":{"rendered":"https:\/\/www.egemtv.com\/?p=18374"},"modified":"2025-02-13T11:53:22","modified_gmt":"2025-02-13T08:53:22","slug":"maski-hizmet-kalitesini-artirmak-icin-sahada","status":"publish","type":"post","link":"https:\/\/www.egemtv.com\/?p=18374","title":{"rendered":"MASK\u0130, hizmet kalitesini art\u0131rmak i\u00e7in sahada"},"content":{"rendered":"<p>Manisa B\u00fcy\u00fck\u015fehir Belediyesi, alt yap\u0131 hizmetlerinde aksakl\u0131k ya\u015fanmamas\u0131 i\u00e7in \u00e7al\u0131\u015fmalar\u0131n\u0131 aral\u0131ks\u0131z s\u00fcrd\u00fcr\u00fcyor. Bu kapsamda, Manisa Su ve Kanalizasyon \u0130daresi (MASK\u0130) Genel M\u00fcd\u00fcr Yard\u0131mc\u0131s\u0131 B\u00fclent \u00c7amur, Ahmetli il\u00e7esinde bir dizi ziyaret ve incelemelerde bulundu.<br \/>\n<br \/>Ziyaret program\u0131 kapsam\u0131nda ilk olarak Ahmetli Belediye Ba\u015fkan\u0131 Fuat Minta\u015f ile bir araya gelen B\u00fclent \u00c7amur, il\u00e7enin alt yap\u0131 ihtiya\u00e7lar\u0131 hakk\u0131nda bilgi ald\u0131. \u00c7amur, daha sonra Ahmetli At\u0131k Su Ar\u0131tma Tesisi\u2019ni ziyaret ederek yap\u0131lan \u00e7al\u0131\u015fmalar\u0131 yerinde inceledi. MASK\u0130 Ahmetli \u0130l\u00e7e \u015eefli\u011fi\u2019ni de ziyaret eden \u00c7amur, y\u00fcr\u00fct\u00fclen \u00e7al\u0131\u015fmalar hakk\u0131nda bilgi ald\u0131 ve personelle g\u00f6r\u00fc\u015f al\u0131\u015fveri\u015finde bulundu.<\/p>\n<p>&#8220;Koordineli bir \u015fekilde \u00e7al\u0131\u015f\u0131yoruz&#8221;<br \/>\n<br \/>MASK\u0130\u2019nin 17 il\u00e7ede ve k\u0131rsal mahallelerde kesintisiz hizmet sundu\u011funu vurgulayan Genel M\u00fcd\u00fcr Yard\u0131mc\u0131s\u0131 B\u00fclent \u00c7amur, &#8220;B\u00fcy\u00fck\u015fehir Belediye Ba\u015fkan\u0131m\u0131z Say\u0131n Ferdi Zeyrek\u2019in \u00f6nc\u00fcl\u00fc\u011f\u00fcnde, il\u00e7elerimizin alt yap\u0131 ihtiya\u00e7lar\u0131n\u0131 kar\u015f\u0131lamak i\u00e7in koordineli bir \u015fekilde \u00e7al\u0131\u015f\u0131yoruz. Ahmetli\u2019de de personelimiz ile bir araya geldik, sahada incelemelerde bulunduk. Ahmetli\u2019de ger\u00e7ekle\u015ftirdi\u011fimiz ziyaretlerde eksiklikleri yerinde tespit ettik ve \u00e7\u00f6z\u00fcm i\u00e7in gerekli ad\u0131mlar\u0131 ataca\u011f\u0131z&#8221; dedi.<br \/>\n<br \/>\u00c7amur, ayr\u0131ca, Merkez At\u0131k Su Ar\u0131tma Tesisi ve MASK\u0130\u2019ye ait depolarda incelemelerde bulunarak yetkili personelden bilgi ald\u0131. Alt yap\u0131 yat\u0131r\u0131mlar\u0131n\u0131n sorunsuz ilerlemesi i\u00e7in saha \u00e7al\u0131\u015fmalar\u0131n\u0131n \u00f6nemine dikkat \u00e7eken \u00c7amur, h\u0131zl\u0131 ve kaliteli hizmet anlay\u0131\u015f\u0131yla \u00e7al\u0131\u015fmalar\u0131n kararl\u0131l\u0131kla s\u00fcrece\u011fini belirtti.<br \/><\/p>\n","protected":false},"excerpt":{"rendered":"<p>Manisa B\u00fcy\u00fck\u015fehir Belediyesi, alt yap\u0131 hizmetlerinde aksakl\u0131k ya\u015fanmamas\u0131 i\u00e7in \u00e7al\u0131\u015fmalar\u0131n\u0131 aral\u0131ks\u0131z s\u00fcrd\u00fcr\u00fcyor. Bu kapsamda, Manisa Su ve Kanalizasyon \u0130daresi (MASK\u0130) Genel M\u00fcd\u00fcr Yard\u0131mc\u0131s\u0131 B\u00fclent \u00c7amur, Ahmetli il\u00e7esinde bir dizi ziyaret ve incelemelerde bulundu. Ziyaret program\u0131 kapsam\u0131nda ilk olarak Ahmetli Belediye Ba\u015fkan\u0131 Fuat Minta\u015f ile bir araya gelen B\u00fclent \u00c7amur, il\u00e7enin alt yap\u0131 ihtiya\u00e7lar\u0131 hakk\u0131nda bilgi&#8230;<\/p>\n","protected":false},"author":1,"featured_media":18375,"comment_status":"open","ping_status":"open","sticky":false,"template":"","format":"standard","meta":{"_crdt_document":"","footnotes":""},"categories":[125],"tags":[],"class_list":["post-18374","post","type-post","status-publish","format-standard","has-post-thumbnail","hentry","category-ekonomi"],"_links":{"self":[{"href":"https:\/\/www.egemtv.com\/index.php?rest_route=\/wp\/v2\/posts\/18374","targetHints":{"allow":["GET"]}}],"collection":[{"href":"https:\/\/www.egemtv.com\/index.php?rest_route=\/wp\/v2\/posts"}],"about":[{"href":"https:\/\/www.egemtv.com\/index.php?rest_route=\/wp\/v2\/types\/post"}],"author":[{"embeddable":true,"href":"https:\/\/www.egemtv.com\/index.php?rest_route=\/wp\/v2\/users\/1"}],"replies":[{"embeddable":true,"href":"https:\/\/www.egemtv.com\/index.php?rest_route=%2Fwp%2Fv2%2Fcomments&post=18374"}],"version-history":[{"count":1,"href":"https:\/\/www.egemtv.com\/index.php?rest_route=\/wp\/v2\/posts\/18374\/revisions"}],"predecessor-version":[{"id":18376,"href":"https:\/\/www.egemtv.com\/index.php?rest_route=\/wp\/v2\/posts\/18374\/revisions\/18376"}],"wp:featuredmedia":[{"embeddable":true,"href":"https:\/\/www.egemtv.com\/index.php?rest_route=\/wp\/v2\/media\/18375"}],"wp:attachment":[{"href":"https:\/\/www.egemtv.com\/index.php?rest_route=%2Fwp%2Fv2%2Fmedia&parent=18374"}],"wp:term":[{"taxonomy":"category","embeddable":true,"href":"https:\/\/www.egemtv.com\/index.php?rest_route=%2Fwp%2Fv2%2Fcategories&post=18374"},{"taxonomy":"post_tag","embeddable":true,"href":"https:\/\/www.egemtv.com\/index.php?rest_route=%2Fwp%2Fv2%2Ftags&post=18374"}],"curies":[{"name":"wp","href":"https:\/\/api.w.org\/{rel}","templated":true}]}}