{"id":18367,"date":"2025-02-13T11:49:19","date_gmt":"2025-02-13T08:49:19","guid":{"rendered":"https:\/\/www.egemtv.com\/?p=18367"},"modified":"2025-02-13T11:49:24","modified_gmt":"2025-02-13T08:49:24","slug":"gediz-belediyesinden-vatandaslara-ucretsiz-kaplica-servisi","status":"publish","type":"post","link":"https:\/\/www.egemtv.com\/?p=18367","title":{"rendered":"Gediz Belediyesi\u2019nden vatanda\u015flara \u00fccretsiz kapl\u0131ca servisi"},"content":{"rendered":"<p>K\u00fctahya\u2019n\u0131n Gediz il\u00e7esinde vatanda\u015flar\u0131n Il\u0131ca Termal Tatil K\u00f6y\u00fc\u2019nden daha fazla yararlanabilmesi i\u00e7in Gediz Belediyesi taraf\u0131ndan cumartesi ve pazar g\u00fcnleri \u00fccretsiz servis hizmeti ba\u015flat\u0131ld\u0131.<br \/>\n<br \/>\u00dccretsiz servisler, Gediz Belediyesi hizmet binas\u0131 arkas\u0131 dura\u011f\u0131ndan saat 10:00 ve 13:30\u2019da hareket edecek. Yol boyunca belirlenen duraklardan yolcu alarak Il\u0131ca Termal Tatil K\u00f6y\u00fc\u2019ne ula\u015facak. D\u00f6n\u00fc\u015f servisleri ise Il\u0131ca Termal Tatil K\u00f6y\u00fc M\u00fcd\u00fcrl\u00fc\u011f\u00fc \u00f6n\u00fcnden saat 14:30 ve 18:30\u2019da kalkacak.<br \/>\n<br \/>Konuyla ilgili a\u00e7\u0131klama yapan Gediz Belediye Ba\u015fkan\u0131 Necdet Akel, vatanda\u015flar\u0131n termal tesislere kolay ula\u015f\u0131m\u0131n\u0131 sa\u011flamak ve b\u00f6lgeye olan ilgiyi art\u0131rmak amac\u0131yla bu hizmeti ba\u015flatt\u0131klar\u0131n\u0131 belirtti. Ba\u015fkan Akel, &#8220;Gediz Belediyesi olarak, vatanda\u015flar\u0131m\u0131z\u0131n sa\u011fl\u0131kl\u0131 ve konforlu bir \u015fekilde Il\u0131ca Termal Tesislerimizden faydalanabilmesi i\u00e7in \u00fccretsiz servis uygulamas\u0131n\u0131 ba\u015flatt\u0131k. Bu hizmet sayesinde ula\u015f\u0131m sorunu ya\u015fayan hem\u015ferilerimize kolayl\u0131k sa\u011flam\u0131\u015f olaca\u011f\u0131z. Halk\u0131m\u0131z\u0131n sa\u011fl\u0131\u011f\u0131n\u0131 ve refah\u0131n\u0131 d\u00fc\u015f\u00fcnerek att\u0131\u011f\u0131m\u0131z bu ad\u0131m\u0131n faydal\u0131 olmas\u0131n\u0131 temenni ediyorum&#8221; dedi.<br \/><\/p>\n","protected":false},"excerpt":{"rendered":"<p>K\u00fctahya\u2019n\u0131n Gediz il\u00e7esinde vatanda\u015flar\u0131n Il\u0131ca Termal Tatil K\u00f6y\u00fc\u2019nden daha fazla yararlanabilmesi i\u00e7in Gediz Belediyesi taraf\u0131ndan cumartesi ve pazar g\u00fcnleri \u00fccretsiz servis hizmeti ba\u015flat\u0131ld\u0131. \u00dccretsiz servisler, Gediz Belediyesi hizmet binas\u0131 arkas\u0131 dura\u011f\u0131ndan saat 10:00 ve 13:30\u2019da hareket edecek. Yol boyunca belirlenen duraklardan yolcu alarak Il\u0131ca Termal Tatil K\u00f6y\u00fc\u2019ne ula\u015facak. D\u00f6n\u00fc\u015f servisleri ise Il\u0131ca Termal Tatil K\u00f6y\u00fc&#8230;<\/p>\n","protected":false},"author":1,"featured_media":18368,"comment_status":"open","ping_status":"open","sticky":false,"template":"","format":"standard","meta":{"_crdt_document":"","footnotes":""},"categories":[1],"tags":[],"class_list":["post-18367","post","type-post","status-publish","format-standard","has-post-thumbnail","hentry","category-guncel"],"_links":{"self":[{"href":"https:\/\/www.egemtv.com\/index.php?rest_route=\/wp\/v2\/posts\/18367","targetHints":{"allow":["GET"]}}],"collection":[{"href":"https:\/\/www.egemtv.com\/index.php?rest_route=\/wp\/v2\/posts"}],"about":[{"href":"https:\/\/www.egemtv.com\/index.php?rest_route=\/wp\/v2\/types\/post"}],"author":[{"embeddable":true,"href":"https:\/\/www.egemtv.com\/index.php?rest_route=\/wp\/v2\/users\/1"}],"replies":[{"embeddable":true,"href":"https:\/\/www.egemtv.com\/index.php?rest_route=%2Fwp%2Fv2%2Fcomments&post=18367"}],"version-history":[{"count":1,"href":"https:\/\/www.egemtv.com\/index.php?rest_route=\/wp\/v2\/posts\/18367\/revisions"}],"predecessor-version":[{"id":18372,"href":"https:\/\/www.egemtv.com\/index.php?rest_route=\/wp\/v2\/posts\/18367\/revisions\/18372"}],"wp:featuredmedia":[{"embeddable":true,"href":"https:\/\/www.egemtv.com\/index.php?rest_route=\/wp\/v2\/media\/18368"}],"wp:attachment":[{"href":"https:\/\/www.egemtv.com\/index.php?rest_route=%2Fwp%2Fv2%2Fmedia&parent=18367"}],"wp:term":[{"taxonomy":"category","embeddable":true,"href":"https:\/\/www.egemtv.com\/index.php?rest_route=%2Fwp%2Fv2%2Fcategories&post=18367"},{"taxonomy":"post_tag","embeddable":true,"href":"https:\/\/www.egemtv.com\/index.php?rest_route=%2Fwp%2Fv2%2Ftags&post=18367"}],"curies":[{"name":"wp","href":"https:\/\/api.w.org\/{rel}","templated":true}]}}