{"id":18364,"date":"2025-02-13T11:49:18","date_gmt":"2025-02-13T08:49:18","guid":{"rendered":"https:\/\/www.egemtv.com\/?p=18364"},"modified":"2025-02-13T11:49:23","modified_gmt":"2025-02-13T08:49:23","slug":"burdurda-engelli-kardeslerin-polis-olma-hayali-gercek-oldu-2","status":"publish","type":"post","link":"https:\/\/www.egemtv.com\/?p=18364","title":{"rendered":"Burdur\u2019da engelli karde\u015flerin polis olma hayali ger\u00e7ek oldu"},"content":{"rendered":"<p>Burdur\u2019da engelli Furkan ve Ali Korkmaz karde\u015fler, polis olma hayalini bir g\u00fcnl\u00fc\u011f\u00fcne de olsa ger\u00e7ekle\u015ftirdi.<br \/>\n<br \/>\u0130l Emniyet M\u00fcd\u00fcrl\u00fc\u011f\u00fc, Furkan ve Ali karde\u015fler i\u00e7in anlaml\u0131 bir s\u00fcrpriz haz\u0131rlad\u0131. Toplum Destekli Polislik \u015eube M\u00fcd\u00fcrl\u00fc\u011f\u00fc ekipleri, aileyle ileti\u015fime ge\u00e7erek karde\u015flere unutulmaz bir g\u00fcn ya\u015fatt\u0131. Polisleri kar\u015f\u0131lar\u0131nda g\u00f6ren Furkan ve Ali\u2019nin mutlulu\u011fu y\u00fczlerinden okunurken, karde\u015fler ekiplerle kucakla\u015farak duygu dolu anlar ya\u015fad\u0131. 20 ve 30 ya\u015f\u0131ndaki karde\u015fler, polis k\u0131yafetlerini giyerek ekip arac\u0131yla \u015fehir turu att\u0131, telsizle anons ge\u00e7ti. Bu \u00f6zel anlara tan\u0131kl\u0131k eden anne Korkmaz, \u00e7ocuklar\u0131n\u0131n hayalini ger\u00e7ekle\u015ftiren polislere te\u015fekk\u00fcr etti. Emniyet M\u00fcd\u00fcrl\u00fc\u011f\u00fc, bu anlaml\u0131 anlar\u0131 sosyal medya hesab\u0131ndan payla\u015farak kamuoyuyla bulu\u015fturdu.<br \/><\/p>\n","protected":false},"excerpt":{"rendered":"<p>Burdur\u2019da engelli Furkan ve Ali Korkmaz karde\u015fler, polis olma hayalini bir g\u00fcnl\u00fc\u011f\u00fcne de olsa ger\u00e7ekle\u015ftirdi. \u0130l Emniyet M\u00fcd\u00fcrl\u00fc\u011f\u00fc, Furkan ve Ali karde\u015fler i\u00e7in anlaml\u0131 bir s\u00fcrpriz haz\u0131rlad\u0131. Toplum Destekli Polislik \u015eube M\u00fcd\u00fcrl\u00fc\u011f\u00fc ekipleri, aileyle ileti\u015fime ge\u00e7erek karde\u015flere unutulmaz bir g\u00fcn ya\u015fatt\u0131. Polisleri kar\u015f\u0131lar\u0131nda g\u00f6ren Furkan ve Ali\u2019nin mutlulu\u011fu y\u00fczlerinden okunurken, karde\u015fler ekiplerle kucakla\u015farak duygu dolu&#8230;<\/p>\n","protected":false},"author":1,"featured_media":18365,"comment_status":"open","ping_status":"open","sticky":false,"template":"","format":"standard","meta":{"_crdt_document":"","footnotes":""},"categories":[123],"tags":[],"class_list":["post-18364","post","type-post","status-publish","format-standard","has-post-thumbnail","hentry","category-gundem"],"_links":{"self":[{"href":"https:\/\/www.egemtv.com\/index.php?rest_route=\/wp\/v2\/posts\/18364","targetHints":{"allow":["GET"]}}],"collection":[{"href":"https:\/\/www.egemtv.com\/index.php?rest_route=\/wp\/v2\/posts"}],"about":[{"href":"https:\/\/www.egemtv.com\/index.php?rest_route=\/wp\/v2\/types\/post"}],"author":[{"embeddable":true,"href":"https:\/\/www.egemtv.com\/index.php?rest_route=\/wp\/v2\/users\/1"}],"replies":[{"embeddable":true,"href":"https:\/\/www.egemtv.com\/index.php?rest_route=%2Fwp%2Fv2%2Fcomments&post=18364"}],"version-history":[{"count":1,"href":"https:\/\/www.egemtv.com\/index.php?rest_route=\/wp\/v2\/posts\/18364\/revisions"}],"predecessor-version":[{"id":18369,"href":"https:\/\/www.egemtv.com\/index.php?rest_route=\/wp\/v2\/posts\/18364\/revisions\/18369"}],"wp:featuredmedia":[{"embeddable":true,"href":"https:\/\/www.egemtv.com\/index.php?rest_route=\/wp\/v2\/media\/18365"}],"wp:attachment":[{"href":"https:\/\/www.egemtv.com\/index.php?rest_route=%2Fwp%2Fv2%2Fmedia&parent=18364"}],"wp:term":[{"taxonomy":"category","embeddable":true,"href":"https:\/\/www.egemtv.com\/index.php?rest_route=%2Fwp%2Fv2%2Fcategories&post=18364"},{"taxonomy":"post_tag","embeddable":true,"href":"https:\/\/www.egemtv.com\/index.php?rest_route=%2Fwp%2Fv2%2Ftags&post=18364"}],"curies":[{"name":"wp","href":"https:\/\/api.w.org\/{rel}","templated":true}]}}