{"id":18335,"date":"2025-02-13T11:27:26","date_gmt":"2025-02-13T08:27:26","guid":{"rendered":"https:\/\/www.egemtv.com\/?p=18335"},"modified":"2025-02-13T11:27:31","modified_gmt":"2025-02-13T08:27:31","slug":"baba-okulu-seminerine-katilanlara-belge-takdimi-yapildi","status":"publish","type":"post","link":"https:\/\/www.egemtv.com\/?p=18335","title":{"rendered":"Baba Okulu seminerine kat\u0131lanlara belge takdimi yap\u0131ld\u0131"},"content":{"rendered":"<p>Afyonkarahisar \u0130l M\u00fcft\u00fcl\u00fc\u011f\u00fc taraf\u0131ndan y\u00fcr\u00fct\u00fclen \u2018Baba Okulu\u2019 projesi \u00e7er\u00e7evesinde 4 hafta s\u00fcren seminerlere kat\u0131lan babalara belgeleri takdim edildi.<br \/>\n<br \/>Kur\u2019an ve s\u00fcnnet temelinde ailede hak ve sorumluluklar a\u00e7\u0131s\u0131ndan baba olman\u0131n \u00f6nemine dikkat \u00e7ekmek i\u00e7in Diyanet \u0130\u015fleri Ba\u015fkanl\u0131\u011f\u0131\u2019n\u0131n hayata ge\u00e7irdi\u011fi proje kapsam\u0131nda, Afyonkarahisar \u0130l M\u00fcft\u00fcl\u00fc\u011f\u00fc Aile ve Dini Rehberlik Merkezi taraf\u0131ndan &#8220;Baba Okulu&#8221; semineri ger\u00e7ekle\u015ftirildi. Seminerin d\u00f6rd\u00fcnc\u00fc haftas\u0131nda Uzman Vaiz Durmu\u015f Ali G\u00fcnd\u00fczer taraf\u0131ndan &#8220;Baba-Gen\u00e7 \u0130leti\u015fimi&#8221; ve &#8220;Mahremiyet E\u011fitiminde Baban\u0131n Rol\u00fc&#8221; konular\u0131 anlat\u0131ld\u0131. Seminer sonunda 4 hafta boyunca derslere devam eden kursiyerlere kat\u0131l\u0131m belgeleri takdim edildi. Belge t\u00f6reninde konu\u015fan \u0130l M\u00fcft\u00fcs\u00fc L\u00fctf\u00fc \u0130mamo\u011flu, kat\u0131l\u0131mc\u0131lara ve eme\u011fi ge\u00e7enlere te\u015fekk\u00fcr etti.<br \/><\/p>\n","protected":false},"excerpt":{"rendered":"<p>Afyonkarahisar \u0130l M\u00fcft\u00fcl\u00fc\u011f\u00fc taraf\u0131ndan y\u00fcr\u00fct\u00fclen \u2018Baba Okulu\u2019 projesi \u00e7er\u00e7evesinde 4 hafta s\u00fcren seminerlere kat\u0131lan babalara belgeleri takdim edildi. Kur\u2019an ve s\u00fcnnet temelinde ailede hak ve sorumluluklar a\u00e7\u0131s\u0131ndan baba olman\u0131n \u00f6nemine dikkat \u00e7ekmek i\u00e7in Diyanet \u0130\u015fleri Ba\u015fkanl\u0131\u011f\u0131\u2019n\u0131n hayata ge\u00e7irdi\u011fi proje kapsam\u0131nda, Afyonkarahisar \u0130l M\u00fcft\u00fcl\u00fc\u011f\u00fc Aile ve Dini Rehberlik Merkezi taraf\u0131ndan &#8220;Baba Okulu&#8221; semineri ger\u00e7ekle\u015ftirildi. Seminerin d\u00f6rd\u00fcnc\u00fc&#8230;<\/p>\n","protected":false},"author":1,"featured_media":18336,"comment_status":"open","ping_status":"open","sticky":false,"template":"","format":"standard","meta":{"_crdt_document":"","footnotes":""},"categories":[1],"tags":[],"class_list":["post-18335","post","type-post","status-publish","format-standard","has-post-thumbnail","hentry","category-guncel"],"_links":{"self":[{"href":"https:\/\/www.egemtv.com\/index.php?rest_route=\/wp\/v2\/posts\/18335","targetHints":{"allow":["GET"]}}],"collection":[{"href":"https:\/\/www.egemtv.com\/index.php?rest_route=\/wp\/v2\/posts"}],"about":[{"href":"https:\/\/www.egemtv.com\/index.php?rest_route=\/wp\/v2\/types\/post"}],"author":[{"embeddable":true,"href":"https:\/\/www.egemtv.com\/index.php?rest_route=\/wp\/v2\/users\/1"}],"replies":[{"embeddable":true,"href":"https:\/\/www.egemtv.com\/index.php?rest_route=%2Fwp%2Fv2%2Fcomments&post=18335"}],"version-history":[{"count":1,"href":"https:\/\/www.egemtv.com\/index.php?rest_route=\/wp\/v2\/posts\/18335\/revisions"}],"predecessor-version":[{"id":18337,"href":"https:\/\/www.egemtv.com\/index.php?rest_route=\/wp\/v2\/posts\/18335\/revisions\/18337"}],"wp:featuredmedia":[{"embeddable":true,"href":"https:\/\/www.egemtv.com\/index.php?rest_route=\/wp\/v2\/media\/18336"}],"wp:attachment":[{"href":"https:\/\/www.egemtv.com\/index.php?rest_route=%2Fwp%2Fv2%2Fmedia&parent=18335"}],"wp:term":[{"taxonomy":"category","embeddable":true,"href":"https:\/\/www.egemtv.com\/index.php?rest_route=%2Fwp%2Fv2%2Fcategories&post=18335"},{"taxonomy":"post_tag","embeddable":true,"href":"https:\/\/www.egemtv.com\/index.php?rest_route=%2Fwp%2Fv2%2Ftags&post=18335"}],"curies":[{"name":"wp","href":"https:\/\/api.w.org\/{rel}","templated":true}]}}