{"id":18329,"date":"2025-02-13T11:25:32","date_gmt":"2025-02-13T08:25:32","guid":{"rendered":"https:\/\/www.egemtv.com\/?p=18329"},"modified":"2025-02-13T11:25:38","modified_gmt":"2025-02-13T08:25:38","slug":"kutahyada-uygulamali-yara-bakim-kursu-tamamlandi","status":"publish","type":"post","link":"https:\/\/www.egemtv.com\/?p=18329","title":{"rendered":"K\u00fctahya\u2019da &#8220;Uygulamal\u0131 Yara Bak\u0131m Kursu&#8221; tamamland\u0131"},"content":{"rendered":"<p>T\u00fcrk Klinik Mikrobiyoloji ve \u0130nfeksiyon Hastal\u0131klar\u0131 (KL\u0130M\u0130K) Derne\u011fi Diyabetik Ayak \u0130nfeksiyonlar\u0131 \u00c7al\u0131\u015fma Grubu (DA\u0130\u00c7G) ile K\u00fctahya Sa\u011fl\u0131k Bilimleri \u00dcniversitesi (KSB\u00dc) T\u0131p Fak\u00fcltesi Enfeksiyon Hastal\u0131klar\u0131 ve Klinik Mikrobiyoloji Anabilim Dal\u0131 i\u015f birli\u011finde d\u00fczenlenen &#8220;Uygulamal\u0131 Yara Bak\u0131m Kursu&#8221; ba\u015far\u0131yla tamamland\u0131.<br \/>\n<br \/>KSB\u00dc T\u0131p Fak\u00fcltesi Hekim Sinan Konferans Salonu ve K\u00fctahya \u015eehir Hastanesi Kronik Yara Bak\u0131m \u00dcnitesinde ger\u00e7ekle\u015ftirilen kurs, alan\u0131nda uzman akademisyenleri ve sa\u011fl\u0131k profesyonellerini bir araya getirdi. T\u00fcrkiye\u2019nin d\u00f6rt bir yan\u0131ndan gelen hekimler, hem\u015fireler ve sa\u011fl\u0131k \u00e7al\u0131\u015fanlar\u0131, kronik yaralar, diyabetik ayak yaralar\u0131 ve enfeksiyonlar\u0131n\u0131n tan\u0131 ve tedavi s\u00fcre\u00e7lerine dair kapsaml\u0131 teorik e\u011fitim ald\u0131.<br \/>\n<br \/>Teorik e\u011fitimlerin yan\u0131 s\u0131ra, uygulamal\u0131 e\u011fitimler kapsam\u0131nda K\u00fctahya \u015eehir Hastanesinde pratik vaka incelemeleri ve tedavi y\u00f6ntemleri \u00fczerine \u00e7al\u0131\u015fmalar yap\u0131ld\u0131. Kursa kat\u0131lan sa\u011fl\u0131k \u00e7al\u0131\u015fanlar\u0131, vaka analizleriyle g\u00fcncel tedavi yakla\u015f\u0131mlar\u0131n\u0131 yerinde g\u00f6zlemleme f\u0131rsat\u0131 buldu.<br \/><\/p>\n","protected":false},"excerpt":{"rendered":"<p>T\u00fcrk Klinik Mikrobiyoloji ve \u0130nfeksiyon Hastal\u0131klar\u0131 (KL\u0130M\u0130K) Derne\u011fi Diyabetik Ayak \u0130nfeksiyonlar\u0131 \u00c7al\u0131\u015fma Grubu (DA\u0130\u00c7G) ile K\u00fctahya Sa\u011fl\u0131k Bilimleri \u00dcniversitesi (KSB\u00dc) T\u0131p Fak\u00fcltesi Enfeksiyon Hastal\u0131klar\u0131 ve Klinik Mikrobiyoloji Anabilim Dal\u0131 i\u015f birli\u011finde d\u00fczenlenen &#8220;Uygulamal\u0131 Yara Bak\u0131m Kursu&#8221; ba\u015far\u0131yla tamamland\u0131. KSB\u00dc T\u0131p Fak\u00fcltesi Hekim Sinan Konferans Salonu ve K\u00fctahya \u015eehir Hastanesi Kronik Yara Bak\u0131m \u00dcnitesinde ger\u00e7ekle\u015ftirilen kurs,&#8230;<\/p>\n","protected":false},"author":1,"featured_media":18330,"comment_status":"open","ping_status":"open","sticky":false,"template":"","format":"standard","meta":{"_crdt_document":"","footnotes":""},"categories":[2],"tags":[],"class_list":["post-18329","post","type-post","status-publish","format-standard","has-post-thumbnail","hentry","category-saglik"],"_links":{"self":[{"href":"https:\/\/www.egemtv.com\/index.php?rest_route=\/wp\/v2\/posts\/18329","targetHints":{"allow":["GET"]}}],"collection":[{"href":"https:\/\/www.egemtv.com\/index.php?rest_route=\/wp\/v2\/posts"}],"about":[{"href":"https:\/\/www.egemtv.com\/index.php?rest_route=\/wp\/v2\/types\/post"}],"author":[{"embeddable":true,"href":"https:\/\/www.egemtv.com\/index.php?rest_route=\/wp\/v2\/users\/1"}],"replies":[{"embeddable":true,"href":"https:\/\/www.egemtv.com\/index.php?rest_route=%2Fwp%2Fv2%2Fcomments&post=18329"}],"version-history":[{"count":1,"href":"https:\/\/www.egemtv.com\/index.php?rest_route=\/wp\/v2\/posts\/18329\/revisions"}],"predecessor-version":[{"id":18331,"href":"https:\/\/www.egemtv.com\/index.php?rest_route=\/wp\/v2\/posts\/18329\/revisions\/18331"}],"wp:featuredmedia":[{"embeddable":true,"href":"https:\/\/www.egemtv.com\/index.php?rest_route=\/wp\/v2\/media\/18330"}],"wp:attachment":[{"href":"https:\/\/www.egemtv.com\/index.php?rest_route=%2Fwp%2Fv2%2Fmedia&parent=18329"}],"wp:term":[{"taxonomy":"category","embeddable":true,"href":"https:\/\/www.egemtv.com\/index.php?rest_route=%2Fwp%2Fv2%2Fcategories&post=18329"},{"taxonomy":"post_tag","embeddable":true,"href":"https:\/\/www.egemtv.com\/index.php?rest_route=%2Fwp%2Fv2%2Ftags&post=18329"}],"curies":[{"name":"wp","href":"https:\/\/api.w.org\/{rel}","templated":true}]}}