{"id":18317,"date":"2025-02-13T11:19:18","date_gmt":"2025-02-13T08:19:18","guid":{"rendered":"https:\/\/www.egemtv.com\/?p=18317"},"modified":"2025-02-13T11:19:22","modified_gmt":"2025-02-13T08:19:22","slug":"binlerce-cuval-odun-ihtiyac-sahiplerine-dagitiliyor","status":"publish","type":"post","link":"https:\/\/www.egemtv.com\/?p=18317","title":{"rendered":"Binlerce \u00e7uval odun ihtiya\u00e7 sahiplerine da\u011f\u0131t\u0131l\u0131yor"},"content":{"rendered":"<p>Manisa B\u00fcy\u00fck\u015fehir Belediyesi, sosyal belediyecilik anlay\u0131\u015f\u0131yla 5 bin \u00e7uvaldan fazla odunu binlerce ihtiya\u00e7 sahibine ula\u015ft\u0131racak. Odun da\u011f\u0131t\u0131m\u0131n\u0131n yap\u0131ld\u0131\u011f\u0131 mahallelerden olan Bay\u0131nd\u0131rl\u0131k Mahallesi\u2019nin Muhtar\u0131 Bedirhan \u00c7i\u00e7ek, yap\u0131lan deste\u011fin \u00f6zellikle ihtiya\u00e7 sahibi vatanda\u015flar i\u00e7in b\u00fcy\u00fck \u00f6nem ta\u015f\u0131d\u0131\u011f\u0131n\u0131 s\u00f6yledi.<br \/>\n<br \/>Manisa B\u00fcy\u00fck\u015fehir Belediyesi, sosyal belediyecilik anlay\u0131\u015f\u0131 \u00e7er\u00e7evesinde, her alanda vatanda\u015flar\u0131n yan\u0131nda olmaya kararl\u0131l\u0131kla devam ediyor. Sosyal Hizmetler Dairesi Ba\u015fkanl\u0131\u011f\u0131 koordinesinde, toplamda 5 bin \u00e7uvaldan fazla odun, k\u0131\u015f\u0131n so\u011fuk g\u00fcnlerinde, ihtiya\u00e7 sahibi ailelere ula\u015ft\u0131r\u0131l\u0131yor. Bay\u0131nd\u0131rl\u0131k Mahallesi\u2019nde ger\u00e7ekle\u015ftirilen da\u011f\u0131t\u0131m hakk\u0131nda konu\u015fan Muhtar Bedirhan \u00c7i\u00e7ek, &#8220;Malum, \u015fubat ay\u0131 olduk\u00e7a so\u011fuk ge\u00e7iyor. Vatanda\u015flar\u0131m\u0131z da ekonomik zorluklar nedeniyle odun ve k\u00f6m\u00fcr almakta g\u00fc\u00e7l\u00fck \u00e7ekiyor. B\u00fcy\u00fck\u015fehir Belediyemiz, yerinde ve zaman\u0131nda yapt\u0131\u011f\u0131 bu destekle \u00f6nemli bir hizmet sunuyor. Bay\u0131nd\u0131rl\u0131k Mahallesi ad\u0131na B\u00fcy\u00fck\u015fehir Belediye Ba\u015fkan\u0131 Ferdi Zeyrek\u2019e te\u015fekk\u00fcr ediyorum&#8221; dedi.<\/p>\n<p>&#8220;Dayan\u0131\u015fmay\u0131 b\u00fcy\u00fct\u00fcyor ve aile ekonomisine katk\u0131 sa\u011fl\u0131yoruz&#8221;<br \/>\n<br \/>Sosyal belediyecilik anlay\u0131\u015f\u0131yla k\u0131\u015f aylar\u0131nda da ihtiya\u00e7 sahibi hem\u015ferilerinin yan\u0131nda olduklar\u0131n\u0131 ifade eden Manisa B\u00fcy\u00fck\u015fehir Belediye Ba\u015fkan\u0131 Ferdi Zeyrek, &#8220;Ekonomik krizin her ge\u00e7en g\u00fcn daha da derinle\u015fti\u011fi zamanlardan ge\u00e7iyoruz. D\u00fc\u015fen hava s\u0131cakl\u0131klar\u0131yla birlikte dar gelirli yurtta\u015flar\u0131m\u0131z\u0131 unutmad\u0131k. Yakacak yard\u0131mlar\u0131yla yurtta\u015flar\u0131m\u0131z\u0131n \u0131s\u0131nma giderlerini hafifletiyoruz. 5 bin \u00e7uvaldan fazla odunu ihtiya\u00e7 sahibi hem\u015ferilerimize ula\u015ft\u0131r\u0131yoruz. Manisa B\u00fcy\u00fck\u015fehir Belediyesi olarak dayan\u0131\u015fmay\u0131 b\u00fcy\u00fct\u00fcyor ve aile ekonomilerine katk\u0131 sa\u011fl\u0131yoruz. So\u011fukta hi\u00e7bir Manisal\u0131n\u0131n ma\u011fdur olmas\u0131n\u0131 istemiyoruz&#8221; dedi.<br \/><\/p>\n","protected":false},"excerpt":{"rendered":"<p>Manisa B\u00fcy\u00fck\u015fehir Belediyesi, sosyal belediyecilik anlay\u0131\u015f\u0131yla 5 bin \u00e7uvaldan fazla odunu binlerce ihtiya\u00e7 sahibine ula\u015ft\u0131racak. Odun da\u011f\u0131t\u0131m\u0131n\u0131n yap\u0131ld\u0131\u011f\u0131 mahallelerden olan Bay\u0131nd\u0131rl\u0131k Mahallesi\u2019nin Muhtar\u0131 Bedirhan \u00c7i\u00e7ek, yap\u0131lan deste\u011fin \u00f6zellikle ihtiya\u00e7 sahibi vatanda\u015flar i\u00e7in b\u00fcy\u00fck \u00f6nem ta\u015f\u0131d\u0131\u011f\u0131n\u0131 s\u00f6yledi. Manisa B\u00fcy\u00fck\u015fehir Belediyesi, sosyal belediyecilik anlay\u0131\u015f\u0131 \u00e7er\u00e7evesinde, her alanda vatanda\u015flar\u0131n yan\u0131nda olmaya kararl\u0131l\u0131kla devam ediyor. Sosyal Hizmetler Dairesi Ba\u015fkanl\u0131\u011f\u0131&#8230;<\/p>\n","protected":false},"author":1,"featured_media":18318,"comment_status":"open","ping_status":"open","sticky":false,"template":"","format":"standard","meta":{"_crdt_document":"","footnotes":""},"categories":[125],"tags":[],"class_list":["post-18317","post","type-post","status-publish","format-standard","has-post-thumbnail","hentry","category-ekonomi"],"_links":{"self":[{"href":"https:\/\/www.egemtv.com\/index.php?rest_route=\/wp\/v2\/posts\/18317","targetHints":{"allow":["GET"]}}],"collection":[{"href":"https:\/\/www.egemtv.com\/index.php?rest_route=\/wp\/v2\/posts"}],"about":[{"href":"https:\/\/www.egemtv.com\/index.php?rest_route=\/wp\/v2\/types\/post"}],"author":[{"embeddable":true,"href":"https:\/\/www.egemtv.com\/index.php?rest_route=\/wp\/v2\/users\/1"}],"replies":[{"embeddable":true,"href":"https:\/\/www.egemtv.com\/index.php?rest_route=%2Fwp%2Fv2%2Fcomments&post=18317"}],"version-history":[{"count":1,"href":"https:\/\/www.egemtv.com\/index.php?rest_route=\/wp\/v2\/posts\/18317\/revisions"}],"predecessor-version":[{"id":18319,"href":"https:\/\/www.egemtv.com\/index.php?rest_route=\/wp\/v2\/posts\/18317\/revisions\/18319"}],"wp:featuredmedia":[{"embeddable":true,"href":"https:\/\/www.egemtv.com\/index.php?rest_route=\/wp\/v2\/media\/18318"}],"wp:attachment":[{"href":"https:\/\/www.egemtv.com\/index.php?rest_route=%2Fwp%2Fv2%2Fmedia&parent=18317"}],"wp:term":[{"taxonomy":"category","embeddable":true,"href":"https:\/\/www.egemtv.com\/index.php?rest_route=%2Fwp%2Fv2%2Fcategories&post=18317"},{"taxonomy":"post_tag","embeddable":true,"href":"https:\/\/www.egemtv.com\/index.php?rest_route=%2Fwp%2Fv2%2Ftags&post=18317"}],"curies":[{"name":"wp","href":"https:\/\/api.w.org\/{rel}","templated":true}]}}