{"id":18314,"date":"2025-02-13T11:11:05","date_gmt":"2025-02-13T08:11:05","guid":{"rendered":"https:\/\/www.egemtv.com\/?p=18314"},"modified":"2025-02-13T11:11:10","modified_gmt":"2025-02-13T08:11:10","slug":"bayrakli-zabitasindan-konaklama-tesislerine-denetim","status":"publish","type":"post","link":"https:\/\/www.egemtv.com\/?p=18314","title":{"rendered":"Bayrakl\u0131 zab\u0131tas\u0131ndan konaklama tesislerine denetim"},"content":{"rendered":"<p>Bayrakl\u0131\u2019da toplum sa\u011fl\u0131\u011f\u0131, huzuru ve g\u00fcvenli\u011fi i\u00e7in \u00e7al\u0131\u015fmalar\u0131n\u0131 aral\u0131ks\u0131z s\u00fcrd\u00fcren Bayrakl\u0131 Belediyesi zab\u0131ta ekipleri, son olarak otellerin ve dinlenme tesislerinin ruhsat ve acil durum yeterliliklerini denetledi. Kurallara uymayan i\u015fletmeler uyar\u0131l\u0131rken daha \u00f6nceki ikazlara uymayanlara ise idari i\u015flem yap\u0131ld\u0131.<br \/>\n<br \/>Bayrakl\u0131 Belediyesi Zab\u0131ta M\u00fcd\u00fcrl\u00fc\u011f\u00fc ve Ruhsat M\u00fcd\u00fcrl\u00fc\u011f\u00fc ekipleri, Bolu\u2019da ya\u015fanan otel yang\u0131n\u0131 facias\u0131n\u0131n ard\u0131ndan il\u00e7ede faaliyet g\u00f6steren konaklama tesislerinin denetimlerini s\u0131kla\u015ft\u0131rd\u0131. Bu kapsamda Bayrakl\u0131\u2019daki oteller ve dinlenme tesislerinde ruhsatlar, \u00e7al\u0131\u015fan sa\u011fl\u0131k karneleri, hijyen ko\u015fullar\u0131, g\u00fcvenlik \u00f6nlemleri incelendi. \u0130\u015fletmelerin hijyen ve ruhsatlar\u0131n\u0131n yan\u0131 s\u0131ra, deprem, yang\u0131n gibi acil durumlara ili\u015fkin tahliye ve m\u00fcdahale ko\u015fullar\u0131 da denetlendi. Duman dedekt\u00f6rleri, yang\u0131n t\u00fcpleri, yang\u0131n merdivenleri, tahliye kap\u0131lar\u0131 ve y\u00f6nlendirme levhalar\u0131n\u0131n g\u00f6r\u00fcn\u00fcr olmas\u0131 gereken acil tahliye planlar\u0131 da kontrol edildi. Ekipler, kurallara ayk\u0131r\u0131l\u0131k g\u00f6rd\u00fc\u011f\u00fc firmalar\u0131 uyard\u0131. Uyar\u0131lar\u0131 dikkate almayanlara ise yasal i\u015flem yap\u0131ld\u0131. Denetimlerin belirli periyotlar halinde devam edece\u011fini belirtti.<br \/>\n<br \/>Bayrakl\u0131 Belediye Ba\u015fkan\u0131 \u0130rfan \u00d6nal, &#8220;Vatanda\u015flar\u0131m\u0131z\u0131n huzuru, sa\u011fl\u0131\u011f\u0131 ve g\u00fcvenli\u011fi i\u00e7in \u00fczerimize d\u00fc\u015feni yap\u0131yoruz. \u0130\u015fletmelerin t\u00fcm yasal d\u00fczenlemelere ve g\u00fcvenlik \u00f6nlemlerine uygunlu\u011fu ekiplerimiz taraf\u0131ndan titizlikle denetleniyor. G\u00fcvenlik tedbirleri al\u0131nmas\u0131 gereken her alanda \u00e7al\u0131\u015fmalar y\u00fcr\u00fcterek, bu t\u00fcr faaliyetlerimize kararl\u0131l\u0131kla devam edece\u011fiz&#8221; dedi.<br \/><\/p>\n","protected":false},"excerpt":{"rendered":"<p>Bayrakl\u0131\u2019da toplum sa\u011fl\u0131\u011f\u0131, huzuru ve g\u00fcvenli\u011fi i\u00e7in \u00e7al\u0131\u015fmalar\u0131n\u0131 aral\u0131ks\u0131z s\u00fcrd\u00fcren Bayrakl\u0131 Belediyesi zab\u0131ta ekipleri, son olarak otellerin ve dinlenme tesislerinin ruhsat ve acil durum yeterliliklerini denetledi. Kurallara uymayan i\u015fletmeler uyar\u0131l\u0131rken daha \u00f6nceki ikazlara uymayanlara ise idari i\u015flem yap\u0131ld\u0131. Bayrakl\u0131 Belediyesi Zab\u0131ta M\u00fcd\u00fcrl\u00fc\u011f\u00fc ve Ruhsat M\u00fcd\u00fcrl\u00fc\u011f\u00fc ekipleri, Bolu\u2019da ya\u015fanan otel yang\u0131n\u0131 facias\u0131n\u0131n ard\u0131ndan il\u00e7ede faaliyet g\u00f6steren&#8230;<\/p>\n","protected":false},"author":1,"featured_media":18315,"comment_status":"open","ping_status":"open","sticky":false,"template":"","format":"standard","meta":{"_crdt_document":"","footnotes":""},"categories":[1],"tags":[],"class_list":["post-18314","post","type-post","status-publish","format-standard","has-post-thumbnail","hentry","category-guncel"],"_links":{"self":[{"href":"https:\/\/www.egemtv.com\/index.php?rest_route=\/wp\/v2\/posts\/18314","targetHints":{"allow":["GET"]}}],"collection":[{"href":"https:\/\/www.egemtv.com\/index.php?rest_route=\/wp\/v2\/posts"}],"about":[{"href":"https:\/\/www.egemtv.com\/index.php?rest_route=\/wp\/v2\/types\/post"}],"author":[{"embeddable":true,"href":"https:\/\/www.egemtv.com\/index.php?rest_route=\/wp\/v2\/users\/1"}],"replies":[{"embeddable":true,"href":"https:\/\/www.egemtv.com\/index.php?rest_route=%2Fwp%2Fv2%2Fcomments&post=18314"}],"version-history":[{"count":1,"href":"https:\/\/www.egemtv.com\/index.php?rest_route=\/wp\/v2\/posts\/18314\/revisions"}],"predecessor-version":[{"id":18316,"href":"https:\/\/www.egemtv.com\/index.php?rest_route=\/wp\/v2\/posts\/18314\/revisions\/18316"}],"wp:featuredmedia":[{"embeddable":true,"href":"https:\/\/www.egemtv.com\/index.php?rest_route=\/wp\/v2\/media\/18315"}],"wp:attachment":[{"href":"https:\/\/www.egemtv.com\/index.php?rest_route=%2Fwp%2Fv2%2Fmedia&parent=18314"}],"wp:term":[{"taxonomy":"category","embeddable":true,"href":"https:\/\/www.egemtv.com\/index.php?rest_route=%2Fwp%2Fv2%2Fcategories&post=18314"},{"taxonomy":"post_tag","embeddable":true,"href":"https:\/\/www.egemtv.com\/index.php?rest_route=%2Fwp%2Fv2%2Ftags&post=18314"}],"curies":[{"name":"wp","href":"https:\/\/api.w.org\/{rel}","templated":true}]}}