{"id":18311,"date":"2025-02-13T11:11:00","date_gmt":"2025-02-13T08:11:00","guid":{"rendered":"https:\/\/www.egemtv.com\/?p=18311"},"modified":"2025-02-13T11:11:04","modified_gmt":"2025-02-13T08:11:04","slug":"genc-kadin-evinde-olu-bulundu","status":"publish","type":"post","link":"https:\/\/www.egemtv.com\/?p=18311","title":{"rendered":"Gen\u00e7 kad\u0131n evinde \u00f6l\u00fc bulundu"},"content":{"rendered":"<p>Ayd\u0131n\u2019\u0131n Efeler il\u00e7esinde 36 ya\u015f\u0131ndaki gen\u00e7 kad\u0131n evinde \u00f6l\u00fc olarak bulundu.<\/p>\n<p>Olay, Efeler il\u00e7esi K\u00f6pr\u00fcl\u00fc Veysi Pa\u015fa Mahallesi 1603 Sokak \u00fczerinde meydana geldi. Edinilen bilgiye g\u00f6re, yaln\u0131z ya\u015fayan Ay\u015fe H\u0131\u015f\u0131l Y\u0131lmaz\u2019dan (36) ailesi bir s\u00fcre haber alamad\u0131. Bunun \u00fczerine Y\u0131lmaz\u2019\u0131n evine giden ailesi, ev sahibinden yedek anahtar\u0131 alarak eve girdi. \u0130\u00e7eri giren aile yak\u0131nlar\u0131 Y\u0131lmaz\u2019\u0131 as\u0131l\u0131 halde buldu. \u0130hbar \u00fczerine b\u00f6lgeye polis ve sa\u011fl\u0131k ekipleri sevk edildi. K\u0131sa s\u00fcrede olay yerine gelen sa\u011fl\u0131k ekipleri, gen\u00e7 kad\u0131n\u0131n hayat\u0131n\u0131 kaybetti\u011fini belirledi. Gen\u00e7 kad\u0131n\u0131n \u00f6l\u00fcm haberini alan yak\u0131nlar\u0131 sinir krizi ge\u00e7irirken, b\u00f6lgeye sevk edilen olay yeri inceleme ekipleri inceleme ba\u015flatt\u0131.<\/p>\n<p>Olayla ilgili soru\u015fturma s\u00fcr\u00fcyor.<br \/><\/p>\n","protected":false},"excerpt":{"rendered":"<p>Ayd\u0131n\u2019\u0131n Efeler il\u00e7esinde 36 ya\u015f\u0131ndaki gen\u00e7 kad\u0131n evinde \u00f6l\u00fc olarak bulundu. Olay, Efeler il\u00e7esi K\u00f6pr\u00fcl\u00fc Veysi Pa\u015fa Mahallesi 1603 Sokak \u00fczerinde meydana geldi. Edinilen bilgiye g\u00f6re, yaln\u0131z ya\u015fayan Ay\u015fe H\u0131\u015f\u0131l Y\u0131lmaz\u2019dan (36) ailesi bir s\u00fcre haber alamad\u0131. Bunun \u00fczerine Y\u0131lmaz\u2019\u0131n evine giden ailesi, ev sahibinden yedek anahtar\u0131 alarak eve girdi. \u0130\u00e7eri giren aile yak\u0131nlar\u0131 Y\u0131lmaz\u2019\u0131&#8230;<\/p>\n","protected":false},"author":1,"featured_media":18312,"comment_status":"open","ping_status":"open","sticky":false,"template":"","format":"standard","meta":{"_crdt_document":"","footnotes":""},"categories":[5],"tags":[],"class_list":["post-18311","post","type-post","status-publish","format-standard","has-post-thumbnail","hentry","category-asayis"],"_links":{"self":[{"href":"https:\/\/www.egemtv.com\/index.php?rest_route=\/wp\/v2\/posts\/18311","targetHints":{"allow":["GET"]}}],"collection":[{"href":"https:\/\/www.egemtv.com\/index.php?rest_route=\/wp\/v2\/posts"}],"about":[{"href":"https:\/\/www.egemtv.com\/index.php?rest_route=\/wp\/v2\/types\/post"}],"author":[{"embeddable":true,"href":"https:\/\/www.egemtv.com\/index.php?rest_route=\/wp\/v2\/users\/1"}],"replies":[{"embeddable":true,"href":"https:\/\/www.egemtv.com\/index.php?rest_route=%2Fwp%2Fv2%2Fcomments&post=18311"}],"version-history":[{"count":1,"href":"https:\/\/www.egemtv.com\/index.php?rest_route=\/wp\/v2\/posts\/18311\/revisions"}],"predecessor-version":[{"id":18313,"href":"https:\/\/www.egemtv.com\/index.php?rest_route=\/wp\/v2\/posts\/18311\/revisions\/18313"}],"wp:featuredmedia":[{"embeddable":true,"href":"https:\/\/www.egemtv.com\/index.php?rest_route=\/wp\/v2\/media\/18312"}],"wp:attachment":[{"href":"https:\/\/www.egemtv.com\/index.php?rest_route=%2Fwp%2Fv2%2Fmedia&parent=18311"}],"wp:term":[{"taxonomy":"category","embeddable":true,"href":"https:\/\/www.egemtv.com\/index.php?rest_route=%2Fwp%2Fv2%2Fcategories&post=18311"},{"taxonomy":"post_tag","embeddable":true,"href":"https:\/\/www.egemtv.com\/index.php?rest_route=%2Fwp%2Fv2%2Ftags&post=18311"}],"curies":[{"name":"wp","href":"https:\/\/api.w.org\/{rel}","templated":true}]}}