{"id":18308,"date":"2025-02-13T11:10:55","date_gmt":"2025-02-13T08:10:55","guid":{"rendered":"https:\/\/www.egemtv.com\/?p=18308"},"modified":"2025-02-13T11:10:59","modified_gmt":"2025-02-13T08:10:59","slug":"ege-denizindeki-depremler-kusadasinda-ele-alindi","status":"publish","type":"post","link":"https:\/\/www.egemtv.com\/?p=18308","title":{"rendered":"Ege Denizi\u2019ndeki depremler Ku\u015fadas\u0131\u2019nda ele al\u0131nd\u0131"},"content":{"rendered":"<p>Ayd\u0131n\u2019\u0131n Ku\u015fadas\u0131 il\u00e7esi Jeofizik Y\u00fcksek M\u00fchendisi Prof. Dr. \u00d6vg\u00fcn Ahmet Ercan\u2019\u0131n kat\u0131ld\u0131\u011f\u0131 \u2018Depreme Bilin\u00e7li Bak\u0131\u015f\u2019 adl\u0131 konferansa ev sahipli\u011fi yapt\u0131. Santorini Adas\u0131\u2019n\u0131n bulundu\u011fu b\u00f6lgede ya\u015fanan deprem f\u0131rt\u0131nas\u0131n\u0131n ele al\u0131nd\u0131\u011f\u0131 konferansta konu\u015fan Prof. Dr. Ahmet Ercan, &#8220;Depremlerin yanarda\u011f kaynakl\u0131 meydana geldi\u011fini d\u00fc\u015f\u00fcn\u00fcyorum. Ku\u015fadas\u0131 i\u00e7in korkulacak bir durum yok. Kimse bo\u015f yere endi\u015feye kap\u0131lmas\u0131n&#8221; dedi.<\/p>\n<p>Ku\u015fadas\u0131 Gen\u00e7 \u0130\u015f \u0130nsanlar\u0131 Derne\u011fi taraf\u0131ndan (KUG\u0130AD) Ku\u015fadas\u0131 Belediyesi ve Ku\u015fadas\u0131 Ticaret Odas\u0131\u2019n\u0131n (KUTO) katk\u0131lar\u0131yla d\u00fczenlenen konferansa ilgi yo\u011fun oldu. KUTO Konferans Salonu\u2019nda ger\u00e7ekle\u015ftirilen etkinli\u011fe Ku\u015fadas\u0131 Kaymakam\u0131 \u0130brahim Keklik, Ku\u015fadas\u0131 Belediye Ba\u015fkan Vekili Efe Berbero\u011flu, CHP Ku\u015fadas\u0131 \u0130l\u00e7e \u00d6rg\u00fct\u00fc Ba\u015fkan\u0131 Mehmet G\u00fcrbilek, KUG\u0130AD Ba\u015fkan\u0131 Ha\u015fmet Bo\u011fal\u0131, siyasi partilerin temsilcileri ve \u00e7ok say\u0131da sivil toplum kurulu\u015fu kat\u0131ld\u0131.<\/p>\n<p>&#8220;Depremler yanarda\u011f kaynakl\u0131&#8221;<br \/>\n<br \/>Prof. Dr. \u00d6vg\u00fcn Ahmet Ercan, iki b\u00f6l\u00fcmden olu\u015fan konferans\u0131n\u0131n ilk b\u00f6l\u00fcm\u00fcnde, Santorini Adas\u0131 ile Amorgos \u00e7ukuru denen b\u00f6lge aras\u0131nda meydana gelen depremlerin neden kaynakland\u0131\u011f\u0131na de\u011findi. Deprem f\u0131rt\u0131nas\u0131n\u0131n k\u00f6keninin denizin i\u00e7indeki yanarda\u011f hareketlili\u011fine ba\u011fl\u0131 oldu\u011funu \u00f6ne s\u00fcren Prof. Dr. Ahmet Ercan, &#8220;Yanarda\u011flar\u0131n bulundu\u011fu alan Afrika ve Anadolu k\u0131talar\u0131 taraf\u0131ndan \u00e7ift tarafl\u0131 s\u0131k\u0131\u015ft\u0131r\u0131l\u0131yor. Bu durumda o b\u00f6lge ya k\u0131r\u0131larak ya da yanarda\u011flar\u0131n patlamas\u0131 sonucu deprem \u00fcretebilir. \u015eu an orada yakla\u015f\u0131k 45 kilometre derinden gelen, 2 bin 200 santigrat derece s\u0131cakl\u0131\u011f\u0131ndaki erimi\u015f y\u00fcksek k\u0131vaml\u0131 magma, y\u00fcksek bas\u0131n\u00e7la magma odalar\u0131n\u0131 dolduruyor. Odalara, yakla\u015f\u0131k 250 kilobarl\u0131k bas\u0131n\u00e7 uyguluyor. Bu bask\u0131, b\u00f6lgenin patlama i\u00e7in bas\u0131nc\u0131n\u0131 art\u0131r\u0131yor. Bas\u0131nc\u0131n artmas\u0131 sonucunda da depremler olu\u015fuyor. Benim d\u00fc\u015f\u00fcnceme g\u00f6re \u015fimdi olan da bu&#8221; dedi.<\/p>\n<p>&#8220;Dalgalar k\u0131y\u0131lar\u0131m\u0131za ula\u015fana kadar etkisini yitirir&#8221;<br \/>\n<br \/>Santorini Adas\u0131\u2019n\u0131n bulundu\u011fu b\u00f6lgede yanarda\u011f ile ili\u015fkili bir deprem olmas\u0131 halinde s\u00fcp\u00fcrt\u00fc (tsunami) dalgalar\u0131n\u0131n da olu\u015fabilece\u011fine dikkat \u00e7eken Prof. Dr. Ahmet Ercan, &#8220;Yaz\u0131labilecek en olumsuz senaryo k\u00fcl, ta\u015f ve topaklar\u0131n f\u0131rlad\u0131\u011f\u0131 bir patlaman\u0131n ger\u00e7ekle\u015fmesi olabilir. Patlama, 5 ile 7 aras\u0131nda deprem \u00fcretebilir. Depremle birlikte s\u00fcp\u00fcrt\u00fc (tsunami) dalgalar\u0131 b\u00fct\u00fcn Ege\u2019deki adalar\u0131, Girit\u2019i, Yunanistan ve T\u00fcrkiye k\u0131y\u0131lar\u0131n\u0131 da etkileyebilir. Ancak \u015fu an hem Ku\u015fadas\u0131 hem de k\u0131y\u0131 kentlerimiz i\u00e7in korkulacak bir durum s\u00f6z konusu de\u011fil. \u00c7\u00fcnk\u00fc s\u00fcp\u00fcrt\u00fc dalgalar\u0131 buraya ula\u015fana kadar etkisini yitirir&#8221; diye konu\u015ftu.<\/p>\n<p>&#8220;Betonarme yap\u0131lardan art\u0131k vazge\u00e7meliyiz&#8221;<br \/>\n<br \/>Konferans\u0131n\u0131n ikinci b\u00f6l\u00fcm\u00fcnde Ku\u015fadas\u0131\u2019n\u0131n deprem risk haritas\u0131n\u0131 elen alan Prof. Dr. Ahmet Ercan, kentte bulunan fay hatlar\u0131n\u0131n en fazla 5 ile 6,1 aral\u0131\u011f\u0131ndaki b\u00fcy\u00fckl\u00fcklerde deprem \u00fcretebilece\u011fini savundu. Ku\u015fadas\u0131\u2019nda 30 ile 50 y\u0131lda bir b\u00fcy\u00fck deprem meydana geldi\u011fini belirten Prof. Dr. Ercan, &#8220;\u00d6rne\u011fin Sisam Adas\u0131\u2019n\u0131n \u00fczerinde bulundu\u011fu fay hatt\u0131nda bu rakam 7,2\u2019ye kadar \u00e7\u0131karak daha b\u00fcy\u00fck bir tehlike arz ediyor. Yap\u0131lar\u0131m\u0131z\u0131 sa\u011flam ve dayan\u0131kl\u0131 yapt\u0131ktan sonra Ku\u015fadas\u0131 ve di\u011fer b\u00f6lgeler i\u00e7in endi\u015felenmeye gerek yok. Art\u0131k betonarme yap\u0131dan vazge\u00e7ip, \u00e7elik konstr\u00fcksiyonlu binalar in\u015fa etmeliyiz&#8221; dedi.<br \/><\/p>\n","protected":false},"excerpt":{"rendered":"<p>Ayd\u0131n\u2019\u0131n Ku\u015fadas\u0131 il\u00e7esi Jeofizik Y\u00fcksek M\u00fchendisi Prof. Dr. \u00d6vg\u00fcn Ahmet Ercan\u2019\u0131n kat\u0131ld\u0131\u011f\u0131 \u2018Depreme Bilin\u00e7li Bak\u0131\u015f\u2019 adl\u0131 konferansa ev sahipli\u011fi yapt\u0131. Santorini Adas\u0131\u2019n\u0131n bulundu\u011fu b\u00f6lgede ya\u015fanan deprem f\u0131rt\u0131nas\u0131n\u0131n ele al\u0131nd\u0131\u011f\u0131 konferansta konu\u015fan Prof. Dr. Ahmet Ercan, &#8220;Depremlerin yanarda\u011f kaynakl\u0131 meydana geldi\u011fini d\u00fc\u015f\u00fcn\u00fcyorum. Ku\u015fadas\u0131 i\u00e7in korkulacak bir durum yok. Kimse bo\u015f yere endi\u015feye kap\u0131lmas\u0131n&#8221; dedi. Ku\u015fadas\u0131 Gen\u00e7&#8230;<\/p>\n","protected":false},"author":1,"featured_media":18309,"comment_status":"open","ping_status":"open","sticky":false,"template":"","format":"standard","meta":{"_crdt_document":"","footnotes":""},"categories":[1],"tags":[],"class_list":["post-18308","post","type-post","status-publish","format-standard","has-post-thumbnail","hentry","category-guncel"],"_links":{"self":[{"href":"https:\/\/www.egemtv.com\/index.php?rest_route=\/wp\/v2\/posts\/18308","targetHints":{"allow":["GET"]}}],"collection":[{"href":"https:\/\/www.egemtv.com\/index.php?rest_route=\/wp\/v2\/posts"}],"about":[{"href":"https:\/\/www.egemtv.com\/index.php?rest_route=\/wp\/v2\/types\/post"}],"author":[{"embeddable":true,"href":"https:\/\/www.egemtv.com\/index.php?rest_route=\/wp\/v2\/users\/1"}],"replies":[{"embeddable":true,"href":"https:\/\/www.egemtv.com\/index.php?rest_route=%2Fwp%2Fv2%2Fcomments&post=18308"}],"version-history":[{"count":1,"href":"https:\/\/www.egemtv.com\/index.php?rest_route=\/wp\/v2\/posts\/18308\/revisions"}],"predecessor-version":[{"id":18310,"href":"https:\/\/www.egemtv.com\/index.php?rest_route=\/wp\/v2\/posts\/18308\/revisions\/18310"}],"wp:featuredmedia":[{"embeddable":true,"href":"https:\/\/www.egemtv.com\/index.php?rest_route=\/wp\/v2\/media\/18309"}],"wp:attachment":[{"href":"https:\/\/www.egemtv.com\/index.php?rest_route=%2Fwp%2Fv2%2Fmedia&parent=18308"}],"wp:term":[{"taxonomy":"category","embeddable":true,"href":"https:\/\/www.egemtv.com\/index.php?rest_route=%2Fwp%2Fv2%2Fcategories&post=18308"},{"taxonomy":"post_tag","embeddable":true,"href":"https:\/\/www.egemtv.com\/index.php?rest_route=%2Fwp%2Fv2%2Ftags&post=18308"}],"curies":[{"name":"wp","href":"https:\/\/api.w.org\/{rel}","templated":true}]}}