{"id":18290,"date":"2025-02-13T10:31:13","date_gmt":"2025-02-13T07:31:13","guid":{"rendered":"https:\/\/www.egemtv.com\/?p=18290"},"modified":"2025-02-13T10:31:20","modified_gmt":"2025-02-13T07:31:20","slug":"kaymakam-guldogan-sehit-ailesini-unutmadi","status":"publish","type":"post","link":"https:\/\/www.egemtv.com\/?p=18290","title":{"rendered":"Kaymakam G\u00fcldo\u011fan, \u015fehit ailesini unutmad\u0131"},"content":{"rendered":"<p>Manisa\u2019n\u0131n Salihli il\u00e7e Kaymakam\u0131 Ali G\u00fcldo\u011fan, 1983 y\u0131l\u0131nda Van ili Ba\u015fkale il\u00e7esinde \u015fehit d\u00fc\u015fen Jandarma Er Mehmet Eri\u015fti\u2019nin ailesini ziyaret etti.<br \/>\n<br \/>Mahalle ziyaretleri \u00e7er\u00e7evesinde Sart Mahallesi\u2019ni ziyaret eden Kaymakam G\u00fcldo\u011fan, 1983 y\u0131l\u0131nda Van ili Ba\u015fkale il\u00e7esinde \u015fehit d\u00fc\u015fen Jandarma Er Mehmet Eri\u015fti\u2019nin annesi Zeliha Eri\u015fti ve babas\u0131 Tahsin Eri\u015fti\u2019yi ziyaret etti.<br \/>\n<br \/>\u015eehidin annesi ve babas\u0131yla yak\u0131ndan ilgilenerek bir s\u00fcre sohbet eden Kaymakam G\u00fcldo\u011fan, devletin t\u00fcm imk\u00e2nlar\u0131 ile her daim \u015fehit yak\u0131nlar\u0131n\u0131n yan\u0131nda olunaca\u011f\u0131n\u0131 ifade etti.<br \/>\n<br \/>Kaymakam G\u00fcldo\u011fan\u2019a ziyarette \u0130l\u00e7e Jandarma Komutan\u0131 Binba\u015f\u0131 Do\u011fukan Karaaslan ve ilgili kurum personeli e\u015flik etti.<br \/><\/p>\n","protected":false},"excerpt":{"rendered":"<p>Manisa\u2019n\u0131n Salihli il\u00e7e Kaymakam\u0131 Ali G\u00fcldo\u011fan, 1983 y\u0131l\u0131nda Van ili Ba\u015fkale il\u00e7esinde \u015fehit d\u00fc\u015fen Jandarma Er Mehmet Eri\u015fti\u2019nin ailesini ziyaret etti. Mahalle ziyaretleri \u00e7er\u00e7evesinde Sart Mahallesi\u2019ni ziyaret eden Kaymakam G\u00fcldo\u011fan, 1983 y\u0131l\u0131nda Van ili Ba\u015fkale il\u00e7esinde \u015fehit d\u00fc\u015fen Jandarma Er Mehmet Eri\u015fti\u2019nin annesi Zeliha Eri\u015fti ve babas\u0131 Tahsin Eri\u015fti\u2019yi ziyaret etti. \u015eehidin annesi ve babas\u0131yla&#8230;<\/p>\n","protected":false},"author":1,"featured_media":18291,"comment_status":"open","ping_status":"open","sticky":false,"template":"","format":"standard","meta":{"_crdt_document":"","footnotes":""},"categories":[123],"tags":[],"class_list":["post-18290","post","type-post","status-publish","format-standard","has-post-thumbnail","hentry","category-gundem"],"_links":{"self":[{"href":"https:\/\/www.egemtv.com\/index.php?rest_route=\/wp\/v2\/posts\/18290","targetHints":{"allow":["GET"]}}],"collection":[{"href":"https:\/\/www.egemtv.com\/index.php?rest_route=\/wp\/v2\/posts"}],"about":[{"href":"https:\/\/www.egemtv.com\/index.php?rest_route=\/wp\/v2\/types\/post"}],"author":[{"embeddable":true,"href":"https:\/\/www.egemtv.com\/index.php?rest_route=\/wp\/v2\/users\/1"}],"replies":[{"embeddable":true,"href":"https:\/\/www.egemtv.com\/index.php?rest_route=%2Fwp%2Fv2%2Fcomments&post=18290"}],"version-history":[{"count":1,"href":"https:\/\/www.egemtv.com\/index.php?rest_route=\/wp\/v2\/posts\/18290\/revisions"}],"predecessor-version":[{"id":18292,"href":"https:\/\/www.egemtv.com\/index.php?rest_route=\/wp\/v2\/posts\/18290\/revisions\/18292"}],"wp:featuredmedia":[{"embeddable":true,"href":"https:\/\/www.egemtv.com\/index.php?rest_route=\/wp\/v2\/media\/18291"}],"wp:attachment":[{"href":"https:\/\/www.egemtv.com\/index.php?rest_route=%2Fwp%2Fv2%2Fmedia&parent=18290"}],"wp:term":[{"taxonomy":"category","embeddable":true,"href":"https:\/\/www.egemtv.com\/index.php?rest_route=%2Fwp%2Fv2%2Fcategories&post=18290"},{"taxonomy":"post_tag","embeddable":true,"href":"https:\/\/www.egemtv.com\/index.php?rest_route=%2Fwp%2Fv2%2Ftags&post=18290"}],"curies":[{"name":"wp","href":"https:\/\/api.w.org\/{rel}","templated":true}]}}