{"id":18287,"date":"2025-02-13T10:17:29","date_gmt":"2025-02-13T07:17:29","guid":{"rendered":"https:\/\/www.egemtv.com\/?p=18287"},"modified":"2025-02-13T10:17:35","modified_gmt":"2025-02-13T07:17:35","slug":"aydinin-yuzde-51i-evli","status":"publish","type":"post","link":"https:\/\/www.egemtv.com\/?p=18287","title":{"rendered":"Ayd\u0131n\u2019\u0131n y\u00fczde 51\u2019i evli"},"content":{"rendered":"<p>Ayd\u0131n\u2019da 2024 y\u0131l\u0131 verilerine g\u00f6re n\u00fcfusun y\u00fczde 51\u2019i evliyken, y\u00fczde 19\u2019u da evlenmedi.<\/p>\n<p>T\u00dc\u0130K taraf\u0131ndan a\u00e7\u0131klanan verilere g\u00f6re Ayd\u0131n\u2019\u0131n 2024 y\u0131l\u0131 hi\u00e7 evlenmemi\u015f, evli, bo\u015fanm\u0131\u015f ve e\u015fi vefat etmi\u015f ki\u015filerin il n\u00fcfusuna g\u00f6re medeni durum rakamlar\u0131 da belli oldu. 577 bin 819\u2019u erkek, 588 bin 124\u2019\u00fc kad\u0131n olmak \u00fczere toplam n\u00fcfusu 1 milyon 165 bin 943 olan Ayd\u0131n\u2019da, n\u00fcfus art\u0131\u015f h\u0131z\u0131 binde 145 olurken, il genelini kapsayan verilere g\u00f6re Ayd\u0131n\u2019da, 134 bin 289\u2019u erkek, 95 bin 321\u2019i kad\u0131n olmak \u00fczere 229 bin 610 ki\u015fi hi\u00e7 evlenmedi. Hi\u00e7 evlenmeyenlerin toplam il n\u00fcfusuna oran\u0131 ise y\u00fczde 19 oldu. 298 bin 462\u2019si erkek, 296 bin 413\u2019\u00fc kad\u0131n olmak \u00fczere toplam 594 bin 875 ki\u015finin evli oldu\u011fu Ayd\u0131n\u2019da evli olanlar\u0131n toplam il n\u00fcfusuna oran\u0131 ise y\u00fczde 51 oldu.<\/p>\n<p>Ayd\u0131n\u2019\u0131n y\u00fczde 5\u2019i bo\u015fand\u0131<br \/>\n<br \/>T\u00dc\u0130K 2024 verilerine g\u00f6re Ayd\u0131n\u2019da, n\u00fcfusun y\u00fczde 5\u2019i bo\u015fan\u0131rken, y\u00fczde 6\u2019s\u0131n\u0131n da e\u015fi vefat etti. 29 bin 983\u2019\u00fc erkek, 35 bin 29\u2019u kad\u0131n olmak \u00fczere il genelinde toplam 65 bin 12 ki\u015fi bo\u015fand\u0131. E\u015fi vefat eden ki\u015filere bak\u0131ld\u0131\u011f\u0131nda ise e\u015fini kaybeden kad\u0131nlar\u0131n say\u0131s\u0131n\u0131n fazla olmas\u0131 dikkat \u00e7ekti. 9 bin 832\u2019si erkek, 61 bin 164\u2019\u00fc kad\u0131n olmak \u00fczere toplam 70 bin 996 ki\u015finin de e\u015fi vefat etti. Ayd\u0131n\u2019da e\u015fini kaybeden dul kad\u0131nlar\u0131n say\u0131s\u0131 il geneli n\u00fcfusuna oran\u0131 y\u00fczde 5 oldu.<br \/>\n<br \/>T\u00dc\u0130K\u2019in 2024 y\u0131l\u0131 illere g\u00f6re hane halk\u0131 b\u00fcy\u00fckl\u00fc\u011f\u00fc verilerine bak\u0131ld\u0131\u011f\u0131nda da Ayd\u0131n\u2019\u0131n hane halk\u0131 b\u00fcy\u00fckl\u00fc\u011f\u00fc 2,7 oldu. 2008 y\u0131l\u0131 verilerine g\u00f6re 3,3 olan Ayd\u0131n\u2019\u0131n hane halk\u0131 b\u00fcy\u00fckl\u00fc\u011f\u00fcn\u00fcn her ge\u00e7en y\u0131l d\u00fc\u015ft\u00fc\u011f\u00fc g\u00f6zlemlenirken, verilere g\u00f6re il genelinde bir evde yakla\u015f\u0131k 2,7 ki\u015fi ya\u015f\u0131yor.<br \/><\/p>\n","protected":false},"excerpt":{"rendered":"<p>Ayd\u0131n\u2019da 2024 y\u0131l\u0131 verilerine g\u00f6re n\u00fcfusun y\u00fczde 51\u2019i evliyken, y\u00fczde 19\u2019u da evlenmedi. T\u00dc\u0130K taraf\u0131ndan a\u00e7\u0131klanan verilere g\u00f6re Ayd\u0131n\u2019\u0131n 2024 y\u0131l\u0131 hi\u00e7 evlenmemi\u015f, evli, bo\u015fanm\u0131\u015f ve e\u015fi vefat etmi\u015f ki\u015filerin il n\u00fcfusuna g\u00f6re medeni durum rakamlar\u0131 da belli oldu. 577 bin 819\u2019u erkek, 588 bin 124\u2019\u00fc kad\u0131n olmak \u00fczere toplam n\u00fcfusu 1 milyon 165 bin&#8230;<\/p>\n","protected":false},"author":1,"featured_media":18288,"comment_status":"open","ping_status":"open","sticky":false,"template":"","format":"standard","meta":{"_crdt_document":"","footnotes":""},"categories":[1],"tags":[],"class_list":["post-18287","post","type-post","status-publish","format-standard","has-post-thumbnail","hentry","category-guncel"],"_links":{"self":[{"href":"https:\/\/www.egemtv.com\/index.php?rest_route=\/wp\/v2\/posts\/18287","targetHints":{"allow":["GET"]}}],"collection":[{"href":"https:\/\/www.egemtv.com\/index.php?rest_route=\/wp\/v2\/posts"}],"about":[{"href":"https:\/\/www.egemtv.com\/index.php?rest_route=\/wp\/v2\/types\/post"}],"author":[{"embeddable":true,"href":"https:\/\/www.egemtv.com\/index.php?rest_route=\/wp\/v2\/users\/1"}],"replies":[{"embeddable":true,"href":"https:\/\/www.egemtv.com\/index.php?rest_route=%2Fwp%2Fv2%2Fcomments&post=18287"}],"version-history":[{"count":1,"href":"https:\/\/www.egemtv.com\/index.php?rest_route=\/wp\/v2\/posts\/18287\/revisions"}],"predecessor-version":[{"id":18289,"href":"https:\/\/www.egemtv.com\/index.php?rest_route=\/wp\/v2\/posts\/18287\/revisions\/18289"}],"wp:featuredmedia":[{"embeddable":true,"href":"https:\/\/www.egemtv.com\/index.php?rest_route=\/wp\/v2\/media\/18288"}],"wp:attachment":[{"href":"https:\/\/www.egemtv.com\/index.php?rest_route=%2Fwp%2Fv2%2Fmedia&parent=18287"}],"wp:term":[{"taxonomy":"category","embeddable":true,"href":"https:\/\/www.egemtv.com\/index.php?rest_route=%2Fwp%2Fv2%2Fcategories&post=18287"},{"taxonomy":"post_tag","embeddable":true,"href":"https:\/\/www.egemtv.com\/index.php?rest_route=%2Fwp%2Fv2%2Ftags&post=18287"}],"curies":[{"name":"wp","href":"https:\/\/api.w.org\/{rel}","templated":true}]}}