{"id":18284,"date":"2025-02-13T10:15:04","date_gmt":"2025-02-13T07:15:04","guid":{"rendered":"https:\/\/www.egemtv.com\/?p=18284"},"modified":"2025-02-13T10:15:09","modified_gmt":"2025-02-13T07:15:09","slug":"nazilli-belediyesinden-uyusturucuyla-mucadele-semineri","status":"publish","type":"post","link":"https:\/\/www.egemtv.com\/?p=18284","title":{"rendered":"Nazilli Belediyesi\u2019nden uyu\u015fturucuyla m\u00fccadele semineri"},"content":{"rendered":"<p>Nazilli Belediyesi \u0130nsan Kaynaklar\u0131 ve E\u011fitim M\u00fcd\u00fcrl\u00fc\u011f\u00fc, hizmet i\u00e7i e\u011fitimler kapsam\u0131nda zab\u0131ta ekipleri ve kad\u0131n personellere y\u00f6nelik &#8220;En \u0130yi Narkotik Polisi Anne&#8221; konulu seminer d\u00fczenledi.<br \/>\n<br \/>Nazilli Belediyesi, Ba\u011f\u0131ml\u0131l\u0131kla M\u00fccadele \u0130l\u00e7e Kurulu toplant\u0131s\u0131nda al\u0131nan kararlar\u0131n uygulanmas\u0131 i\u00e7in ilk ad\u0131m\u0131n\u0131 att\u0131.<br \/>\n<br \/>\u0130l\u00e7e Emniyet M\u00fcd\u00fcrl\u00fc\u011f\u00fc\u2019n\u00fcn katk\u0131lar\u0131yla belediye meclis salonunda ger\u00e7ekle\u015ftirilen seminerde; uyu\u015fturucuyla m\u00fccadelede ailelerin, \u00f6zellikle annelerin rol\u00fc vurguland\u0131.<br \/>\n<br \/>Seminerde uzmanlar, ba\u011f\u0131ml\u0131l\u0131kla m\u00fccadelenin sadece kolluk kuvvetleriyle de\u011fil, toplumun t\u00fcm kesimlerinin bilin\u00e7lenmesiyle m\u00fcmk\u00fcn olaca\u011f\u0131n\u0131 belirtti. E\u011fitimde anne ve babalar\u0131n \u00e7ocuklar\u0131n\u0131 madde ba\u011f\u0131ml\u0131l\u0131\u011f\u0131ndan koruma konusunda bilin\u00e7lenmesi gerekti\u011fine ayr\u0131ca dikkat \u00e7ekildi.<br \/>\n<br \/>Nazilli Belediyesi yetkilileri, hizmet i\u00e7i e\u011fitimlere devam edeceklerini ve toplumun her kesimine y\u00f6nelik fark\u0131ndal\u0131k \u00e7al\u0131\u015fmalar\u0131n\u0131 s\u00fcrd\u00fcreceklerini belirtti.<br \/><\/p>\n","protected":false},"excerpt":{"rendered":"<p>Nazilli Belediyesi \u0130nsan Kaynaklar\u0131 ve E\u011fitim M\u00fcd\u00fcrl\u00fc\u011f\u00fc, hizmet i\u00e7i e\u011fitimler kapsam\u0131nda zab\u0131ta ekipleri ve kad\u0131n personellere y\u00f6nelik &#8220;En \u0130yi Narkotik Polisi Anne&#8221; konulu seminer d\u00fczenledi. Nazilli Belediyesi, Ba\u011f\u0131ml\u0131l\u0131kla M\u00fccadele \u0130l\u00e7e Kurulu toplant\u0131s\u0131nda al\u0131nan kararlar\u0131n uygulanmas\u0131 i\u00e7in ilk ad\u0131m\u0131n\u0131 att\u0131. \u0130l\u00e7e Emniyet M\u00fcd\u00fcrl\u00fc\u011f\u00fc\u2019n\u00fcn katk\u0131lar\u0131yla belediye meclis salonunda ger\u00e7ekle\u015ftirilen seminerde; uyu\u015fturucuyla m\u00fccadelede ailelerin, \u00f6zellikle annelerin rol\u00fc vurguland\u0131&#8230;.<\/p>\n","protected":false},"author":1,"featured_media":18285,"comment_status":"open","ping_status":"open","sticky":false,"template":"","format":"standard","meta":{"_crdt_document":"","footnotes":""},"categories":[1],"tags":[],"class_list":["post-18284","post","type-post","status-publish","format-standard","has-post-thumbnail","hentry","category-guncel"],"_links":{"self":[{"href":"https:\/\/www.egemtv.com\/index.php?rest_route=\/wp\/v2\/posts\/18284","targetHints":{"allow":["GET"]}}],"collection":[{"href":"https:\/\/www.egemtv.com\/index.php?rest_route=\/wp\/v2\/posts"}],"about":[{"href":"https:\/\/www.egemtv.com\/index.php?rest_route=\/wp\/v2\/types\/post"}],"author":[{"embeddable":true,"href":"https:\/\/www.egemtv.com\/index.php?rest_route=\/wp\/v2\/users\/1"}],"replies":[{"embeddable":true,"href":"https:\/\/www.egemtv.com\/index.php?rest_route=%2Fwp%2Fv2%2Fcomments&post=18284"}],"version-history":[{"count":1,"href":"https:\/\/www.egemtv.com\/index.php?rest_route=\/wp\/v2\/posts\/18284\/revisions"}],"predecessor-version":[{"id":18286,"href":"https:\/\/www.egemtv.com\/index.php?rest_route=\/wp\/v2\/posts\/18284\/revisions\/18286"}],"wp:featuredmedia":[{"embeddable":true,"href":"https:\/\/www.egemtv.com\/index.php?rest_route=\/wp\/v2\/media\/18285"}],"wp:attachment":[{"href":"https:\/\/www.egemtv.com\/index.php?rest_route=%2Fwp%2Fv2%2Fmedia&parent=18284"}],"wp:term":[{"taxonomy":"category","embeddable":true,"href":"https:\/\/www.egemtv.com\/index.php?rest_route=%2Fwp%2Fv2%2Fcategories&post=18284"},{"taxonomy":"post_tag","embeddable":true,"href":"https:\/\/www.egemtv.com\/index.php?rest_route=%2Fwp%2Fv2%2Ftags&post=18284"}],"curies":[{"name":"wp","href":"https:\/\/api.w.org\/{rel}","templated":true}]}}