{"id":18278,"date":"2025-02-13T10:14:54","date_gmt":"2025-02-13T07:14:54","guid":{"rendered":"https:\/\/www.egemtv.com\/?p=18278"},"modified":"2025-02-13T10:14:58","modified_gmt":"2025-02-13T07:14:58","slug":"ak-parti-denizli-il-baskani-subasioglunun-dayisi-son-yolcuguna-ugurlandi","status":"publish","type":"post","link":"https:\/\/www.egemtv.com\/?p=18278","title":{"rendered":"AK Parti Denizli \u0130l Ba\u015fkan\u0131 Suba\u015f\u0131o\u011flu\u2019nun day\u0131s\u0131 son yolcu\u011funa u\u011furland\u0131"},"content":{"rendered":"<p>Denizli\u2019de kar\u015f\u0131dan kar\u015f\u0131ya ge\u00e7erken otomobil \u00e7arpmas\u0131 sonucu hayat\u0131n\u0131 kaybeden ve AK Parti \u0130l Ba\u015fkan\u0131 Muhammet Suba\u015f\u0131o\u011flu\u2019nun day\u0131s\u0131 oldu\u011fu ortaya \u00e7\u0131kan Nail Suba\u015f\u0131 son yolculu\u011funa u\u011furland\u0131.<\/p>\n<p>Denizli\u2019nin Pamukkale il\u00e7esi Ba\u011fba\u015f\u0131 Mahallesi\u2019nde meydana gelen kazada, Ac\u0131payam Bulvar\u0131\u2019nda seyir halinde olan D.E. (35) idaresindeki 20 AE 002 plakal\u0131 BMW marka otomobil, yolun kar\u015f\u0131s\u0131na ge\u00e7meye \u00e7al\u0131\u015fan Nail Suba\u015f\u0131\u2019na (75) \u00e7arpt\u0131. \u00c7arpman\u0131n etkisiyle Suba\u015f\u0131 yakla\u015f\u0131k 10 metre savruldu. Kaza sonras\u0131nda b\u00f6lgeye gelen sa\u011fl\u0131k ekipleri yaral\u0131 Suba\u015f\u0131\u2019na olay yerinde ilk m\u00fcdahaleleri yapt\u0131ktan sonra ambulans ile hastaneye sevk etti. Hastaneye kald\u0131r\u0131lan Suba\u015f\u0131 yap\u0131lan t\u00fcm m\u00fcdahalelere ra\u011fmen kurtar\u0131lamad\u0131. Yap\u0131lan incelemelerin ard\u0131ndan Nail Suba\u015f\u0131\u2019n\u0131n cans\u0131z bedeni otopsi yap\u0131lmak \u00fczere otopsi yap\u0131lmak \u00fczere Adli T\u0131p Kurumu Grup Ba\u015fkanl\u0131\u011f\u0131 morguna kald\u0131r\u0131ld\u0131.<\/p>\n<p>Otopsinin ard\u0131ndan cenazesi Ba\u011fba\u015f\u0131 Merkez Camii\u2019nde son yolculu\u011funa u\u011furland\u0131. \u0130kindi namaz\u0131n\u0131 m\u00fcteakip k\u0131l\u0131nan cenaze namaz\u0131n\u0131n ard\u0131ndan Ba\u011fba\u015f\u0131 Merkez Mahalle Mezarl\u0131\u011f\u0131nda topra\u011fa verildi.<\/p>\n<p>Cenaze t\u00f6renine, Denizli Valisi \u00d6mer Faruk Co\u015fkun, Denizli B\u00fcy\u00fck\u015fehir Belediye Ba\u015fkan\u0131 B\u00fclent Nuri \u00c7avu\u015fo\u011flu, AK Parti Ekonomi \u0130\u015flerinden Sorumlu Genel Ba\u015fkan Yard\u0131mc\u0131s\u0131 Nihat Zeybek\u00e7i, Denizli \u0130l Emniyet M\u00fcd\u00fcr\u00fc Yavuz Sa\u011fd\u0131\u00e7, AK Parti Denizli \u0130l Ba\u015fkan\u0131 Muhammet Suba\u015f\u0131o\u011flu, Pamukkale \u00dcniversitesi Rekt\u00f6r\u00fc Ahmet Kutluhan, Pamukkale Kaymakam\u0131 U\u011fur Bulut, meclis \u00fcyeleri, \u00f6rg\u00fct \u00fcyeleri ve vatanda\u015flar\u0131n kat\u0131l\u0131m\u0131 ile ger\u00e7ekle\u015ftirildi.<br \/><\/p>\n","protected":false},"excerpt":{"rendered":"<p>Denizli\u2019de kar\u015f\u0131dan kar\u015f\u0131ya ge\u00e7erken otomobil \u00e7arpmas\u0131 sonucu hayat\u0131n\u0131 kaybeden ve AK Parti \u0130l Ba\u015fkan\u0131 Muhammet Suba\u015f\u0131o\u011flu\u2019nun day\u0131s\u0131 oldu\u011fu ortaya \u00e7\u0131kan Nail Suba\u015f\u0131 son yolculu\u011funa u\u011furland\u0131. Denizli\u2019nin Pamukkale il\u00e7esi Ba\u011fba\u015f\u0131 Mahallesi\u2019nde meydana gelen kazada, Ac\u0131payam Bulvar\u0131\u2019nda seyir halinde olan D.E. (35) idaresindeki 20 AE 002 plakal\u0131 BMW marka otomobil, yolun kar\u015f\u0131s\u0131na ge\u00e7meye \u00e7al\u0131\u015fan Nail Suba\u015f\u0131\u2019na (75)&#8230;<\/p>\n","protected":false},"author":1,"featured_media":18279,"comment_status":"open","ping_status":"open","sticky":false,"template":"","format":"standard","meta":{"_crdt_document":"","footnotes":""},"categories":[5],"tags":[],"class_list":["post-18278","post","type-post","status-publish","format-standard","has-post-thumbnail","hentry","category-asayis"],"_links":{"self":[{"href":"https:\/\/www.egemtv.com\/index.php?rest_route=\/wp\/v2\/posts\/18278","targetHints":{"allow":["GET"]}}],"collection":[{"href":"https:\/\/www.egemtv.com\/index.php?rest_route=\/wp\/v2\/posts"}],"about":[{"href":"https:\/\/www.egemtv.com\/index.php?rest_route=\/wp\/v2\/types\/post"}],"author":[{"embeddable":true,"href":"https:\/\/www.egemtv.com\/index.php?rest_route=\/wp\/v2\/users\/1"}],"replies":[{"embeddable":true,"href":"https:\/\/www.egemtv.com\/index.php?rest_route=%2Fwp%2Fv2%2Fcomments&post=18278"}],"version-history":[{"count":1,"href":"https:\/\/www.egemtv.com\/index.php?rest_route=\/wp\/v2\/posts\/18278\/revisions"}],"predecessor-version":[{"id":18280,"href":"https:\/\/www.egemtv.com\/index.php?rest_route=\/wp\/v2\/posts\/18278\/revisions\/18280"}],"wp:featuredmedia":[{"embeddable":true,"href":"https:\/\/www.egemtv.com\/index.php?rest_route=\/wp\/v2\/media\/18279"}],"wp:attachment":[{"href":"https:\/\/www.egemtv.com\/index.php?rest_route=%2Fwp%2Fv2%2Fmedia&parent=18278"}],"wp:term":[{"taxonomy":"category","embeddable":true,"href":"https:\/\/www.egemtv.com\/index.php?rest_route=%2Fwp%2Fv2%2Fcategories&post=18278"},{"taxonomy":"post_tag","embeddable":true,"href":"https:\/\/www.egemtv.com\/index.php?rest_route=%2Fwp%2Fv2%2Ftags&post=18278"}],"curies":[{"name":"wp","href":"https:\/\/api.w.org\/{rel}","templated":true}]}}