{"id":18275,"date":"2025-02-13T10:09:22","date_gmt":"2025-02-13T07:09:22","guid":{"rendered":"https:\/\/www.egemtv.com\/?p=18275"},"modified":"2025-02-13T10:09:27","modified_gmt":"2025-02-13T07:09:27","slug":"karacasuda-mezarliklarda-temizlik-calismasi-baslatildi","status":"publish","type":"post","link":"https:\/\/www.egemtv.com\/?p=18275","title":{"rendered":"Karacasu\u2019da mezarl\u0131klarda temizlik \u00e7al\u0131\u015fmas\u0131 ba\u015flat\u0131ld\u0131"},"content":{"rendered":"<p>Karacasu Belediyesi il\u00e7e genelindeki mezarl\u0131klarda temizlik \u00e7al\u0131\u015fmas\u0131 ba\u015flatt\u0131.<\/p>\n<p>Karacasu\u2019da il\u00e7e genelinde belediye ekipleri taraf\u0131ndan temizlik \u00e7al\u0131\u015fmalar\u0131 devam ediyor. Ekipler il\u00e7e genelindeki mezarl\u0131klar bak\u0131m ve temizlik \u00e7al\u0131\u015fmalar\u0131na ba\u015flad\u0131. Mezarl\u0131klardaki yabani otlar kesilirken, \u00e7\u00f6plerde temizleniyor.<\/p>\n<p>Karacasu Belediyesi taraf\u0131ndan yap\u0131lan a\u00e7\u0131klamada, &#8220;\u0130l\u00e7emiz genelindeki mezarl\u0131klarda temizlik \u00e7al\u0131\u015fmalar\u0131 aral\u0131ks\u0131z devam etmektedir. Daha d\u00fczenli ve bak\u0131ml\u0131 bir \u00e7evre i\u00e7in ekiplerimiz \u00f6zveriyle \u00e7al\u0131\u015fmaktad\u0131r&#8221; denildi.<br \/><\/p>\n","protected":false},"excerpt":{"rendered":"<p>Karacasu Belediyesi il\u00e7e genelindeki mezarl\u0131klarda temizlik \u00e7al\u0131\u015fmas\u0131 ba\u015flatt\u0131. Karacasu\u2019da il\u00e7e genelinde belediye ekipleri taraf\u0131ndan temizlik \u00e7al\u0131\u015fmalar\u0131 devam ediyor. Ekipler il\u00e7e genelindeki mezarl\u0131klar bak\u0131m ve temizlik \u00e7al\u0131\u015fmalar\u0131na ba\u015flad\u0131. Mezarl\u0131klardaki yabani otlar kesilirken, \u00e7\u00f6plerde temizleniyor. Karacasu Belediyesi taraf\u0131ndan yap\u0131lan a\u00e7\u0131klamada, &#8220;\u0130l\u00e7emiz genelindeki mezarl\u0131klarda temizlik \u00e7al\u0131\u015fmalar\u0131 aral\u0131ks\u0131z devam etmektedir. Daha d\u00fczenli ve bak\u0131ml\u0131 bir \u00e7evre i\u00e7in ekiplerimiz \u00f6zveriyle&#8230;<\/p>\n","protected":false},"author":1,"featured_media":18276,"comment_status":"open","ping_status":"open","sticky":false,"template":"","format":"standard","meta":{"_crdt_document":"","footnotes":""},"categories":[1],"tags":[],"class_list":["post-18275","post","type-post","status-publish","format-standard","has-post-thumbnail","hentry","category-guncel"],"_links":{"self":[{"href":"https:\/\/www.egemtv.com\/index.php?rest_route=\/wp\/v2\/posts\/18275","targetHints":{"allow":["GET"]}}],"collection":[{"href":"https:\/\/www.egemtv.com\/index.php?rest_route=\/wp\/v2\/posts"}],"about":[{"href":"https:\/\/www.egemtv.com\/index.php?rest_route=\/wp\/v2\/types\/post"}],"author":[{"embeddable":true,"href":"https:\/\/www.egemtv.com\/index.php?rest_route=\/wp\/v2\/users\/1"}],"replies":[{"embeddable":true,"href":"https:\/\/www.egemtv.com\/index.php?rest_route=%2Fwp%2Fv2%2Fcomments&post=18275"}],"version-history":[{"count":1,"href":"https:\/\/www.egemtv.com\/index.php?rest_route=\/wp\/v2\/posts\/18275\/revisions"}],"predecessor-version":[{"id":18277,"href":"https:\/\/www.egemtv.com\/index.php?rest_route=\/wp\/v2\/posts\/18275\/revisions\/18277"}],"wp:featuredmedia":[{"embeddable":true,"href":"https:\/\/www.egemtv.com\/index.php?rest_route=\/wp\/v2\/media\/18276"}],"wp:attachment":[{"href":"https:\/\/www.egemtv.com\/index.php?rest_route=%2Fwp%2Fv2%2Fmedia&parent=18275"}],"wp:term":[{"taxonomy":"category","embeddable":true,"href":"https:\/\/www.egemtv.com\/index.php?rest_route=%2Fwp%2Fv2%2Fcategories&post=18275"},{"taxonomy":"post_tag","embeddable":true,"href":"https:\/\/www.egemtv.com\/index.php?rest_route=%2Fwp%2Fv2%2Ftags&post=18275"}],"curies":[{"name":"wp","href":"https:\/\/api.w.org\/{rel}","templated":true}]}}