{"id":18272,"date":"2025-02-13T10:07:36","date_gmt":"2025-02-13T07:07:36","guid":{"rendered":"https:\/\/www.egemtv.com\/?p=18272"},"modified":"2025-02-13T10:07:40","modified_gmt":"2025-02-13T07:07:40","slug":"koycegizde-voleybol-kulubu-7den-77ye-guclu-kadinlar-yetistiriyor","status":"publish","type":"post","link":"https:\/\/www.egemtv.com\/?p=18272","title":{"rendered":"K\u00f6yce\u011fiz\u2019de Voleybol Kul\u00fcb\u00fc 7\u2019den 77\u2019ye g\u00fc\u00e7l\u00fc kad\u0131nlar yeti\u015ftiriyor"},"content":{"rendered":"<p>Mu\u011fla\u2019n\u0131n K\u00f6yce\u011fiz il\u00e7esinde g\u00fc\u00e7l\u00fc kad\u0131nlar yeti\u015ftiren Voleybol Kul\u00fcb\u00fc 7\u2019den 77\u2019ye sahada g\u00fc\u00e7l\u00fc ad\u0131mlarla y\u00fcr\u00fcyor.<\/p>\n<p>K\u00f6yce\u011fiz Akademi Spor kul\u00fcb\u00fc, 7\u2019den 77\u2019ye her ya\u015ftan kad\u0131n ve k\u0131z \u00e7ocu\u011funa kap\u0131lar\u0131n\u0131 a\u00e7arak onlara sahada ve hayatta g\u00fc\u00e7l\u00fc olmalar\u0131 i\u00e7in ilham veriyor. 7 ya\u015f\u0131nda sahaya ilk ad\u0131m\u0131n\u0131 atan minik k\u0131zlar, sadece voleybol \u00f6\u011frenmiyor; \u00f6zg\u00fcvenle hayallerinin pe\u015finden ko\u015fmay\u0131 da \u00f6\u011freniyorlar. \u0130lk servis at\u0131\u015flar\u0131ndan b\u00fcy\u00fck turnuvalara kadar uzanan bu yolculukta, her bir sporcuya cesaret a\u015f\u0131lan\u0131yor. Kul\u00fcp, 7 ya\u015f\u0131ndaki miniklerden ba\u015flayarak, gen\u00e7ler, yeti\u015fkinler ve veteran kad\u0131nlara kadar her ya\u015f grubuna voleybol e\u011fitimi veriyor.<\/p>\n<p>Kul\u00fcp Ba\u015fkan\u0131 Bilge K\u0131nal\u0131; &#8220;K\u00f6yce\u011fiz Akademi spor kul\u00fcb\u00fc, sahada ter d\u00f6kmenin \u00f6tesinde bir anlam ta\u015f\u0131yor. Kad\u0131nlar\u0131n dayan\u0131\u015fmas\u0131n\u0131, m\u00fccadelesini ve g\u00fcc\u00fcn\u00fc temsil ediyor. Onlara &#8220;Yapabilirsin&#8221; demekle kalm\u0131yor; bu c\u00fcmlenin her harfini sahada birlikte yaz\u0131yor. Hedefimiz, sahada g\u00fc\u00e7l\u00fc olan kad\u0131nlar\u0131n, hayatta da g\u00fc\u00e7l\u00fc olmas\u0131n\u0131 sa\u011flamak. Spor, bir \u00f6zg\u00fcven kayna\u011f\u0131. K\u0131z \u00e7ocuklar\u0131m\u0131z\u0131 k\u00fc\u00e7\u00fck ya\u015fta bu \u00f6zg\u00fcvenle tan\u0131\u015ft\u0131rmak, kad\u0131nlar\u0131 ise her ya\u015fta desteklemek bizim i\u00e7in b\u00fcy\u00fck bir mutluluk. Voleybolun yan\u0131 s\u0131ra sosyal sorumluluk projeleriyle de dikkat \u00e7eken kul\u00fcb\u00fcm\u00fcz, kad\u0131n dayan\u0131\u015fmas\u0131n\u0131 destekleyen etkinlikler d\u00fczenliyor. Sporcular\u0131n e\u011fitimden sosyal ya\u015fama kadar her alanda ba\u015far\u0131l\u0131 bireyler olmas\u0131 i\u00e7in \u00e7al\u0131\u015fmalar s\u00fcrd\u00fcr\u00fcyor. Kul\u00fcb\u00fcm\u00fcze \u015fimdiye kadar emek veren, destek olan sponsorlar\u0131m\u0131za, y\u00f6neticilerimize, antren\u00f6rlerimize ve bizleri hi\u00e7 yaln\u0131z b\u0131rakmayan ailelerimize te\u015fekk\u00fcr ederiz&#8221; dedi.<br \/><\/p>\n","protected":false},"excerpt":{"rendered":"<p>Mu\u011fla\u2019n\u0131n K\u00f6yce\u011fiz il\u00e7esinde g\u00fc\u00e7l\u00fc kad\u0131nlar yeti\u015ftiren Voleybol Kul\u00fcb\u00fc 7\u2019den 77\u2019ye sahada g\u00fc\u00e7l\u00fc ad\u0131mlarla y\u00fcr\u00fcyor. K\u00f6yce\u011fiz Akademi Spor kul\u00fcb\u00fc, 7\u2019den 77\u2019ye her ya\u015ftan kad\u0131n ve k\u0131z \u00e7ocu\u011funa kap\u0131lar\u0131n\u0131 a\u00e7arak onlara sahada ve hayatta g\u00fc\u00e7l\u00fc olmalar\u0131 i\u00e7in ilham veriyor. 7 ya\u015f\u0131nda sahaya ilk ad\u0131m\u0131n\u0131 atan minik k\u0131zlar, sadece voleybol \u00f6\u011frenmiyor; \u00f6zg\u00fcvenle hayallerinin pe\u015finden ko\u015fmay\u0131 da \u00f6\u011freniyorlar. \u0130lk&#8230;<\/p>\n","protected":false},"author":1,"featured_media":18273,"comment_status":"open","ping_status":"open","sticky":false,"template":"","format":"standard","meta":{"_crdt_document":"","footnotes":""},"categories":[4],"tags":[],"class_list":["post-18272","post","type-post","status-publish","format-standard","has-post-thumbnail","hentry","category-spor"],"_links":{"self":[{"href":"https:\/\/www.egemtv.com\/index.php?rest_route=\/wp\/v2\/posts\/18272","targetHints":{"allow":["GET"]}}],"collection":[{"href":"https:\/\/www.egemtv.com\/index.php?rest_route=\/wp\/v2\/posts"}],"about":[{"href":"https:\/\/www.egemtv.com\/index.php?rest_route=\/wp\/v2\/types\/post"}],"author":[{"embeddable":true,"href":"https:\/\/www.egemtv.com\/index.php?rest_route=\/wp\/v2\/users\/1"}],"replies":[{"embeddable":true,"href":"https:\/\/www.egemtv.com\/index.php?rest_route=%2Fwp%2Fv2%2Fcomments&post=18272"}],"version-history":[{"count":1,"href":"https:\/\/www.egemtv.com\/index.php?rest_route=\/wp\/v2\/posts\/18272\/revisions"}],"predecessor-version":[{"id":18274,"href":"https:\/\/www.egemtv.com\/index.php?rest_route=\/wp\/v2\/posts\/18272\/revisions\/18274"}],"wp:featuredmedia":[{"embeddable":true,"href":"https:\/\/www.egemtv.com\/index.php?rest_route=\/wp\/v2\/media\/18273"}],"wp:attachment":[{"href":"https:\/\/www.egemtv.com\/index.php?rest_route=%2Fwp%2Fv2%2Fmedia&parent=18272"}],"wp:term":[{"taxonomy":"category","embeddable":true,"href":"https:\/\/www.egemtv.com\/index.php?rest_route=%2Fwp%2Fv2%2Fcategories&post=18272"},{"taxonomy":"post_tag","embeddable":true,"href":"https:\/\/www.egemtv.com\/index.php?rest_route=%2Fwp%2Fv2%2Ftags&post=18272"}],"curies":[{"name":"wp","href":"https:\/\/api.w.org\/{rel}","templated":true}]}}