{"id":18269,"date":"2025-02-13T09:59:39","date_gmt":"2025-02-13T06:59:39","guid":{"rendered":"https:\/\/www.egemtv.com\/?p=18269"},"modified":"2025-02-13T09:59:44","modified_gmt":"2025-02-13T06:59:44","slug":"eski-menajerinden-ibrahim-tatlisese-tehdit-iddiasiyla-suc-duyurusu","status":"publish","type":"post","link":"https:\/\/www.egemtv.com\/?p=18269","title":{"rendered":"Eski menajerinden \u0130brahim Tatl\u0131ses\u2019e \u2018tehdit\u2019 iddias\u0131yla su\u00e7 duyurusu"},"content":{"rendered":"<p>\u0130brahim Tatl\u0131ses\u2019in eski menajeri \u015eule Yazar, sanat\u00e7\u0131n\u0131n kendisini tehdit etti\u011fi, mobbing ve psikolojik \u015fiddet uygulad\u0131\u011f\u0131 iddias\u0131yla \u0130zmir Cumhuriyet Ba\u015fsavc\u0131l\u0131\u011f\u0131\u2019na su\u00e7 duyurusunda bulundu.<br \/>\n<br \/>\u0130brahim Tatl\u0131ses\u2019in \u0130zmir\u2019de ya\u015fayan eski menajeri \u015eule Yazar (45), adliyeye giderek \u015fark\u0131c\u0131 hakk\u0131nda, kendisine \u2018tehditte bulundu\u011fu, hakaret etti\u011fi, mobbing ve psikolojik \u015fiddet uygulad\u0131\u011f\u0131\u2019 iddias\u0131yla su\u00e7 duyurusunda bulundu. \u015eikayetinin ard\u0131ndan olayla ilgili a\u00e7\u0131klamalarda bulunan \u015eule Yazar, &#8220;Olay\u0131n buraya gelmesini istemezdim. 2 \u00e7ocuk annesiyim. E\u015fim ve \u00e7ocuklar\u0131m\u0131 korumak ve bana yap\u0131lanlar\u0131 kay\u0131t alt\u0131na ald\u0131rmak ad\u0131na mecburen bu olay ya\u015fand\u0131. Avukat\u0131mla birlikte dilek\u00e7e vermek zorunda kald\u0131k. Hamileli\u011fimin \u00f6ncesinde ba\u015flayan bir s\u00fcre\u00e7. \u00c7e\u015fitli bask\u0131lar, telefonda ba\u011f\u0131rmalar gibi s\u00fcre\u00e7ler ya\u015fad\u0131m. 8 ay boyunca \u015fiddeti azal\u0131r yap\u0131lan yanl\u0131\u015fl\u0131klar fark\u0131na var\u0131l\u0131r diye bekledim ama tam tersi artarak devam etti. Hi\u00e7bir \u015fekilde kar\u015f\u0131ma gelip konu\u015fma, hesap sorulma, a\u00e7\u0131klama istenme gibi bir durum olmad\u0131. Kar\u015f\u0131mda muhatap bulamad\u0131m. Bana getirilen tehditleri, laflar\u0131, \u00fczerime yap\u0131\u015ft\u0131r\u0131lmaya \u00e7al\u0131\u015f\u0131lan su\u00e7lar\u0131, arkamdan konu\u015fulanlar\u0131 kabul etmedim. Art\u0131k olay\u0131 yarg\u0131ya intikal ettirme gere\u011fi duyduk. \u00dcst\u00fc kapal\u0131 tehditler ald\u0131k. Bunu ne kadar yapar, ger\u00e7ekle\u015ftirir bilemeyiz. Belki k\u0131zg\u0131nl\u0131kla s\u00f6ylenen s\u00f6zlerdir ama ger\u00e7ekle\u015febilece\u011fi ihtimali \u00fczerinde durduk. \u015eahitler, deliller ve ispatlarla ilerliyoruz&#8221; diye konu\u015ftu.<\/p>\n<p>&#8220;Psikolojim kald\u0131racak durumda de\u011fil&#8221;<br \/>\n<br \/>\u00dczerine at\u0131l\u0131 \u00e7e\u015fitli su\u00e7lar\u0131n bulundu\u011funu \u00f6ne s\u00fcren Yazar, \u015funlar\u0131 kaydetti:<br \/>\n<br \/>&#8220;Aileme k\u00fcf\u00fcrl\u00fc konu\u015fmalar da mevcut. Art\u0131k psikolojim kald\u0131racak durumda de\u011fil. \u00c7\u00f6k\u00fcnt\u00fc ya\u015famaktay\u0131m. Bu olaylar y\u00fcz\u00fcnden 4 bu\u00e7uk ayda s\u00fctten kesildim. Yarg\u0131da kar\u015f\u0131l\u0131\u011f\u0131n\u0131n olmas\u0131 gerekti\u011fini d\u00fc\u015f\u00fcn\u00fcyorum.&#8221;<\/p>\n<p>&#8220;Sunaca\u011f\u0131m\u0131z ba\u015fka deliller de olacak&#8221;<br \/>\n<br \/>\u015eikayet hakk\u0131nda bilgi veren Avukat Serkan Onukar da &#8220;Muhatab\u0131m\u0131z y\u0131llard\u0131r T\u00fcrk halk\u0131n\u0131n sevgisini kazanm\u0131\u015f, sanat\u0131yla ve bug\u00fcne kadar yapt\u0131klar\u0131yla her zaman g\u00fcndemde olmu\u015f bir isim. Bu noktaya gelmi\u015f olmaktan \u00f6t\u00fcr\u00fc ger\u00e7ekten \u00fcz\u00fcnt\u00fc duyuyoruz. Bir s\u00fcredir bu konu g\u00fcndemimizdeydi. \u015eule Han\u0131m \u00e7ok sabretti. \u0130brahim Bey\u2019in ge\u00e7en bu s\u00fcre zarf\u0131nda bu eylem ve s\u00f6ylemlerinden vazge\u00e7ece\u011fini d\u00fc\u015f\u00fcnd\u00fc. Ancak bu s\u00fcre\u00e7te bunlar daha b\u00fcy\u00fck boyutlara ula\u015ft\u0131. \u015eikayette bulunmak art\u0131k son \u00e7aremiz oldu. Biz dilek\u00e7emizde olduk\u00e7a hassas davranmaya \u00e7al\u0131\u015ft\u0131k. Kulland\u0131\u011f\u0131m\u0131z ifadeleri, ileri s\u00fcrd\u00fc\u011f\u00fcm\u00fcz iddialar\u0131m\u0131z\u0131, tan\u0131klar\u0131m\u0131z\u0131, delillerimizi son derece ince eleyip s\u0131k dokuduk. Birtak\u0131m hususlar\u0131n da savc\u0131l\u0131k taraf\u0131ndan ara\u015ft\u0131r\u0131lmas\u0131 gerekiyor. Tahkikat belirli bir zaman alacakt\u0131r. Sunaca\u011f\u0131m\u0131z ba\u015fka deliller de olacak. T\u00fcrk yarg\u0131s\u0131na g\u00fcveniyoruz. \u0130nanc\u0131m\u0131z sonsuz. G\u00f6nl\u00fcm\u00fczden ge\u00e7en bu i\u015fin sulh ve selametle sonu\u00e7lanmas\u0131. S\u00fcrecin takip\u00e7isi olaca\u011f\u0131z&#8221; a\u00e7\u0131klamalar\u0131na yer verdi.<br \/><\/p>\n","protected":false},"excerpt":{"rendered":"<p>\u0130brahim Tatl\u0131ses\u2019in eski menajeri \u015eule Yazar, sanat\u00e7\u0131n\u0131n kendisini tehdit etti\u011fi, mobbing ve psikolojik \u015fiddet uygulad\u0131\u011f\u0131 iddias\u0131yla \u0130zmir Cumhuriyet Ba\u015fsavc\u0131l\u0131\u011f\u0131\u2019na su\u00e7 duyurusunda bulundu. \u0130brahim Tatl\u0131ses\u2019in \u0130zmir\u2019de ya\u015fayan eski menajeri \u015eule Yazar (45), adliyeye giderek \u015fark\u0131c\u0131 hakk\u0131nda, kendisine \u2018tehditte bulundu\u011fu, hakaret etti\u011fi, mobbing ve psikolojik \u015fiddet uygulad\u0131\u011f\u0131\u2019 iddias\u0131yla su\u00e7 duyurusunda bulundu. \u015eikayetinin ard\u0131ndan olayla ilgili a\u00e7\u0131klamalarda bulunan&#8230;<\/p>\n","protected":false},"author":1,"featured_media":18270,"comment_status":"open","ping_status":"open","sticky":false,"template":"","format":"standard","meta":{"_crdt_document":"","footnotes":""},"categories":[1],"tags":[],"class_list":["post-18269","post","type-post","status-publish","format-standard","has-post-thumbnail","hentry","category-guncel"],"_links":{"self":[{"href":"https:\/\/www.egemtv.com\/index.php?rest_route=\/wp\/v2\/posts\/18269","targetHints":{"allow":["GET"]}}],"collection":[{"href":"https:\/\/www.egemtv.com\/index.php?rest_route=\/wp\/v2\/posts"}],"about":[{"href":"https:\/\/www.egemtv.com\/index.php?rest_route=\/wp\/v2\/types\/post"}],"author":[{"embeddable":true,"href":"https:\/\/www.egemtv.com\/index.php?rest_route=\/wp\/v2\/users\/1"}],"replies":[{"embeddable":true,"href":"https:\/\/www.egemtv.com\/index.php?rest_route=%2Fwp%2Fv2%2Fcomments&post=18269"}],"version-history":[{"count":1,"href":"https:\/\/www.egemtv.com\/index.php?rest_route=\/wp\/v2\/posts\/18269\/revisions"}],"predecessor-version":[{"id":18271,"href":"https:\/\/www.egemtv.com\/index.php?rest_route=\/wp\/v2\/posts\/18269\/revisions\/18271"}],"wp:featuredmedia":[{"embeddable":true,"href":"https:\/\/www.egemtv.com\/index.php?rest_route=\/wp\/v2\/media\/18270"}],"wp:attachment":[{"href":"https:\/\/www.egemtv.com\/index.php?rest_route=%2Fwp%2Fv2%2Fmedia&parent=18269"}],"wp:term":[{"taxonomy":"category","embeddable":true,"href":"https:\/\/www.egemtv.com\/index.php?rest_route=%2Fwp%2Fv2%2Fcategories&post=18269"},{"taxonomy":"post_tag","embeddable":true,"href":"https:\/\/www.egemtv.com\/index.php?rest_route=%2Fwp%2Fv2%2Ftags&post=18269"}],"curies":[{"name":"wp","href":"https:\/\/api.w.org\/{rel}","templated":true}]}}