{"id":18266,"date":"2025-02-13T09:54:37","date_gmt":"2025-02-13T06:54:37","guid":{"rendered":"https:\/\/www.egemtv.com\/?p=18266"},"modified":"2025-02-13T09:54:41","modified_gmt":"2025-02-13T06:54:41","slug":"baskan-celik-bozkurtun-deneme-sinavi-birincilerini-odullendirdi","status":"publish","type":"post","link":"https:\/\/www.egemtv.com\/?p=18266","title":{"rendered":"Ba\u015fkan \u00c7elik, Bozkurt\u2019un deneme s\u0131nav\u0131 birincilerini \u00f6d\u00fcllendirdi"},"content":{"rendered":"<p>Bozkurt Belediyesi taraf\u0131ndan ger\u00e7ekle\u015ftirilen Y\u00fcksek\u00f6\u011fretim Kurumlar\u0131 S\u0131nav\u0131 (YKS) ve Liselere Ge\u00e7i\u015f S\u0131nav\u0131 (LGS) deneme s\u0131navlar\u0131nda birinci olan \u00f6\u011frencilere Bozkurt Belediye Ba\u015fkan\u0131 Birsen \u00c7elik \u00f6d\u00fcllerini takdim etti.<\/p>\n<p>Bozkurt Belediyesi E\u011fitime Destekleme Projesi kapsam\u0131nda d\u00fczenlenen YKS ve LGS deneme s\u0131navlar\u0131 ger\u00e7ekle\u015fti. YKS deneme s\u0131nav\u0131n\u0131n birincisi Fatih Baran K\u0131rba\u015f olurken LGS deneme s\u0131nav\u0131n\u0131n birincisi Salih G\u00f6kberk Do\u011frul oldu. S\u0131navda b\u00fcy\u00fck ba\u015far\u0131 g\u00f6steren \u00f6\u011frencilere Bozkurt Belediye Ba\u015fkan\u0131 Birsen \u00c7elik \u00f6d\u00fcllerini taktim etti.<\/p>\n<p>&#8220;Ayd\u0131nl\u0131k gelece\u011fimiz gen\u00e7ler&#8221;<br \/>\n<br \/>Bozkurt Belediye Ba\u015fkan\u0131 Birsen \u00c7elik yapt\u0131\u011f\u0131 payla\u015f\u0131mda, &#8220;B\u00fcy\u00fck bir azim \u00f6rne\u011fi g\u00f6stererek YKS deneme s\u0131nav\u0131 birincimiz Fatih Baran K\u0131rba\u015f ve LGS deneme s\u0131nav\u0131 birincimiz Salih G\u00f6kberk Do\u011frul\u2019u tebrik ederim. B\u00fct\u00fcn \u00f6\u011frencilerimize e\u011fitim hayatlar\u0131nda ba\u015far\u0131lar dilerim. Sizler Bozkurt\u2019umuzun ayd\u0131nl\u0131k gelece\u011finiz gen\u00e7ler. Sizlere inanc\u0131m tam&#8221; ifadelerini kulland\u0131.<br \/><\/p>\n","protected":false},"excerpt":{"rendered":"<p>Bozkurt Belediyesi taraf\u0131ndan ger\u00e7ekle\u015ftirilen Y\u00fcksek\u00f6\u011fretim Kurumlar\u0131 S\u0131nav\u0131 (YKS) ve Liselere Ge\u00e7i\u015f S\u0131nav\u0131 (LGS) deneme s\u0131navlar\u0131nda birinci olan \u00f6\u011frencilere Bozkurt Belediye Ba\u015fkan\u0131 Birsen \u00c7elik \u00f6d\u00fcllerini takdim etti. Bozkurt Belediyesi E\u011fitime Destekleme Projesi kapsam\u0131nda d\u00fczenlenen YKS ve LGS deneme s\u0131navlar\u0131 ger\u00e7ekle\u015fti. YKS deneme s\u0131nav\u0131n\u0131n birincisi Fatih Baran K\u0131rba\u015f olurken LGS deneme s\u0131nav\u0131n\u0131n birincisi Salih G\u00f6kberk Do\u011frul oldu&#8230;.<\/p>\n","protected":false},"author":1,"featured_media":18267,"comment_status":"open","ping_status":"open","sticky":false,"template":"","format":"standard","meta":{"_crdt_document":"","footnotes":""},"categories":[1],"tags":[],"class_list":["post-18266","post","type-post","status-publish","format-standard","has-post-thumbnail","hentry","category-guncel"],"_links":{"self":[{"href":"https:\/\/www.egemtv.com\/index.php?rest_route=\/wp\/v2\/posts\/18266","targetHints":{"allow":["GET"]}}],"collection":[{"href":"https:\/\/www.egemtv.com\/index.php?rest_route=\/wp\/v2\/posts"}],"about":[{"href":"https:\/\/www.egemtv.com\/index.php?rest_route=\/wp\/v2\/types\/post"}],"author":[{"embeddable":true,"href":"https:\/\/www.egemtv.com\/index.php?rest_route=\/wp\/v2\/users\/1"}],"replies":[{"embeddable":true,"href":"https:\/\/www.egemtv.com\/index.php?rest_route=%2Fwp%2Fv2%2Fcomments&post=18266"}],"version-history":[{"count":1,"href":"https:\/\/www.egemtv.com\/index.php?rest_route=\/wp\/v2\/posts\/18266\/revisions"}],"predecessor-version":[{"id":18268,"href":"https:\/\/www.egemtv.com\/index.php?rest_route=\/wp\/v2\/posts\/18266\/revisions\/18268"}],"wp:featuredmedia":[{"embeddable":true,"href":"https:\/\/www.egemtv.com\/index.php?rest_route=\/wp\/v2\/media\/18267"}],"wp:attachment":[{"href":"https:\/\/www.egemtv.com\/index.php?rest_route=%2Fwp%2Fv2%2Fmedia&parent=18266"}],"wp:term":[{"taxonomy":"category","embeddable":true,"href":"https:\/\/www.egemtv.com\/index.php?rest_route=%2Fwp%2Fv2%2Fcategories&post=18266"},{"taxonomy":"post_tag","embeddable":true,"href":"https:\/\/www.egemtv.com\/index.php?rest_route=%2Fwp%2Fv2%2Ftags&post=18266"}],"curies":[{"name":"wp","href":"https:\/\/api.w.org\/{rel}","templated":true}]}}