{"id":18263,"date":"2025-02-13T09:50:32","date_gmt":"2025-02-13T06:50:32","guid":{"rendered":"https:\/\/www.egemtv.com\/?p=18263"},"modified":"2025-02-13T09:50:37","modified_gmt":"2025-02-13T06:50:37","slug":"manisali-ogrencilerden-bilim-olimpiyatlarinda-1-gumus-3-bronz-madalya","status":"publish","type":"post","link":"https:\/\/www.egemtv.com\/?p=18263","title":{"rendered":"Manisal\u0131 \u00f6\u011frencilerden Bilim Olimpiyatlar\u0131nda 1 g\u00fcm\u00fc\u015f 3 bronz madalya"},"content":{"rendered":"<p>Antalya\u2019daki ANFA\u015e Uluslararas\u0131 Fuar ve Kongre Merkezi\u2019nde 8 \u015eubat tarihinde ger\u00e7ekle\u015ftirilen 32. Bilim Olimpiyatlar\u0131nda Manisal\u0131 \u00f6\u011frenciler \u00fc\u00e7 bronz ve bir g\u00fcm\u00fc\u015f madalya ald\u0131.<br \/>\n<br \/>T\u00dcB\u0130TAK b\u00fcnyesinde y\u00fcr\u00fct\u00fclen 2202 Bilim Olimpiyatlar\u0131 Program\u0131 kapsam\u0131nda d\u00fczenlenen 32. Bilim Olimpiyatlar\u0131nda, T\u00fcrkiye genelinde 225 \u00f6\u011frenci madalya almaya hak kazand\u0131. Manisa\u2019dan d\u00f6rt \u00f6\u011frencinin de kat\u0131ld\u0131\u011f\u0131 \u00f6d\u00fcl t\u00f6reni, Antalya ANFA\u015e Uluslararas\u0131 Fuar ve Kongre Merkezi\u2019nde ger\u00e7ekle\u015ftirildi. Bilim Olimpiyatlar\u0131na 9 dalda 14 bin 488 \u00f6\u011frencinin ba\u015fvurdu\u011fu \u00f6\u011frenildi.<br \/>\n<br \/>\u00d6\u011frenciler, \u00f6d\u00fcllerini Sanayi ve Teknoloji Bakan Yard\u0131mc\u0131s\u0131 Muhammet Kas\u0131m G\u00f6n\u00fcll\u00fc ve T\u00dcB\u0130TAK Ba\u015fkan\u0131 Prof. Dr. Orhan Ayd\u0131n\u2019\u0131n elinden ald\u0131.<br \/>\n<br \/>Bilim Olimpiyatlar\u0131na, Se\u00e7il Yolcu Soyda\u015f dan\u0131\u015fmanl\u0131\u011f\u0131nda haz\u0131rlanan Manisa Bilim ve Sanat Merkezi \u00f6\u011frencilerinden Kayra Sayar, Ortaokul Bilgisayar alan\u0131nda bronz madalya al\u0131rken; R\u00fczgar Deniz G\u00fcven, Ortaokul Bilgisayar alan\u0131nda g\u00fcm\u00fc\u015f madalyan\u0131n sahibi oldu.<br \/>\n<br \/>Ayr\u0131ca, Ay\u015feg\u00fcl T\u00fcrky\u0131lmaz dan\u0131\u015fmanl\u0131\u011f\u0131nda olimpiyatlara haz\u0131rlanan Manisa Fen Lisesi \u00f6\u011frencisi Zehra Bet\u00fcl Boz, Co\u011frafya alan\u0131nda bronz madalya kazand\u0131. Adalet G\u00fclce Osmano\u011flu dan\u0131\u015fmanl\u0131\u011f\u0131nda, Ortaokul Matematik alan\u0131nda haz\u0131rlanan Cemal Erg\u00fcn Ortaokulu \u00f6\u011frencisi Ali Ya\u011f\u0131z Kahraman da bronz madalya ald\u0131.<br \/>\n<br \/>Kazand\u0131klar\u0131 madalyalar ile lise \u00f6\u011frencileri, \u00fcniversite s\u0131nav\u0131nda ek katsay\u0131 avantaj\u0131 ve 2205-Lisans Bursiyerli\u011fi gibi f\u0131rsatlar elde ederken, ortaokul \u00f6\u011frencileri ise ment\u00f6rl\u00fck deste\u011fi ve para \u00f6d\u00fcl\u00fc gibi kazan\u0131mlar elde etti.<br \/>\n<br \/>Manisa Mill\u00ee E\u011fitim M\u00fcd\u00fcrl\u00fc\u011f\u00fc, olimpiyatlara kat\u0131larak Manisa\u2019ya \u00f6d\u00fcl getiren \u00f6\u011frencileri ve dan\u0131\u015fman \u00f6\u011fretmenleri tebrik etti. \u0130l Mill\u00ee E\u011fitim M\u00fcd\u00fcr\u00fc Mehmet U\u011furelli, &#8220;Milli E\u011fitim Bakan\u0131m\u0131z Say\u0131n Yusuf Tekin riyasetinde ba\u015flat\u0131lan T\u00fcrkiye Y\u00fczy\u0131l\u0131 Maarif Modeli sayesinde \u00f6\u011frencilerimiz yetkin ve erdemli bireyler olma yolunda ilerliyor. Manisa Mill\u00ee E\u011fitim M\u00fcd\u00fcrl\u00fc\u011f\u00fc olarak, maarif modeli disiplininden kopmadan, \u00f6\u011frencilerimizin sorgulayan, ara\u015ft\u0131ran ve \u00fcreten bir nesil olmas\u0131 i\u00e7in her t\u00fcrl\u00fc deste\u011fi vermenin gayreti i\u00e7indeyiz. Umuyorum ki ilerleyen s\u00fcre\u00e7te Manisa\u2019m\u0131z, daha \u00e7ok madalya ile olimpiyatlarda ad\u0131ndan s\u00f6z ettiren bir e\u011fitim merkezi olacakt\u0131r. \u00d6\u011frencilerimizi ve \u00f6\u011fretmenlerimizi tebrik ediyor, ba\u015far\u0131lar\u0131n\u0131n devam\u0131n\u0131 diliyorum&#8221; dedi.<br \/><\/p>\n","protected":false},"excerpt":{"rendered":"<p>Antalya\u2019daki ANFA\u015e Uluslararas\u0131 Fuar ve Kongre Merkezi\u2019nde 8 \u015eubat tarihinde ger\u00e7ekle\u015ftirilen 32. Bilim Olimpiyatlar\u0131nda Manisal\u0131 \u00f6\u011frenciler \u00fc\u00e7 bronz ve bir g\u00fcm\u00fc\u015f madalya ald\u0131. T\u00dcB\u0130TAK b\u00fcnyesinde y\u00fcr\u00fct\u00fclen 2202 Bilim Olimpiyatlar\u0131 Program\u0131 kapsam\u0131nda d\u00fczenlenen 32. Bilim Olimpiyatlar\u0131nda, T\u00fcrkiye genelinde 225 \u00f6\u011frenci madalya almaya hak kazand\u0131. Manisa\u2019dan d\u00f6rt \u00f6\u011frencinin de kat\u0131ld\u0131\u011f\u0131 \u00f6d\u00fcl t\u00f6reni, Antalya ANFA\u015e Uluslararas\u0131 Fuar ve&#8230;<\/p>\n","protected":false},"author":1,"featured_media":18264,"comment_status":"open","ping_status":"open","sticky":false,"template":"","format":"standard","meta":{"_crdt_document":"","footnotes":""},"categories":[124],"tags":[],"class_list":["post-18263","post","type-post","status-publish","format-standard","has-post-thumbnail","hentry","category-bilim"],"_links":{"self":[{"href":"https:\/\/www.egemtv.com\/index.php?rest_route=\/wp\/v2\/posts\/18263","targetHints":{"allow":["GET"]}}],"collection":[{"href":"https:\/\/www.egemtv.com\/index.php?rest_route=\/wp\/v2\/posts"}],"about":[{"href":"https:\/\/www.egemtv.com\/index.php?rest_route=\/wp\/v2\/types\/post"}],"author":[{"embeddable":true,"href":"https:\/\/www.egemtv.com\/index.php?rest_route=\/wp\/v2\/users\/1"}],"replies":[{"embeddable":true,"href":"https:\/\/www.egemtv.com\/index.php?rest_route=%2Fwp%2Fv2%2Fcomments&post=18263"}],"version-history":[{"count":1,"href":"https:\/\/www.egemtv.com\/index.php?rest_route=\/wp\/v2\/posts\/18263\/revisions"}],"predecessor-version":[{"id":18265,"href":"https:\/\/www.egemtv.com\/index.php?rest_route=\/wp\/v2\/posts\/18263\/revisions\/18265"}],"wp:featuredmedia":[{"embeddable":true,"href":"https:\/\/www.egemtv.com\/index.php?rest_route=\/wp\/v2\/media\/18264"}],"wp:attachment":[{"href":"https:\/\/www.egemtv.com\/index.php?rest_route=%2Fwp%2Fv2%2Fmedia&parent=18263"}],"wp:term":[{"taxonomy":"category","embeddable":true,"href":"https:\/\/www.egemtv.com\/index.php?rest_route=%2Fwp%2Fv2%2Fcategories&post=18263"},{"taxonomy":"post_tag","embeddable":true,"href":"https:\/\/www.egemtv.com\/index.php?rest_route=%2Fwp%2Fv2%2Ftags&post=18263"}],"curies":[{"name":"wp","href":"https:\/\/api.w.org\/{rel}","templated":true}]}}