{"id":18260,"date":"2025-02-13T09:50:27","date_gmt":"2025-02-13T06:50:27","guid":{"rendered":"https:\/\/www.egemtv.com\/?p=18260"},"modified":"2025-02-13T09:50:32","modified_gmt":"2025-02-13T06:50:32","slug":"dalgalarin-asindirdigi-bolgeden-antik-doneme-ait-heykel-cikti","status":"publish","type":"post","link":"https:\/\/www.egemtv.com\/?p=18260","title":{"rendered":"Dalgalar\u0131n a\u015f\u0131nd\u0131rd\u0131\u011f\u0131 b\u00f6lgeden antik d\u00f6neme ait heykel \u00e7\u0131kt\u0131"},"content":{"rendered":"<p>Ayd\u0131n\u2019\u0131n Ku\u015fadas\u0131 il\u00e7esinde dalgalar\u0131n a\u015f\u0131nd\u0131rd\u0131\u011f\u0131 b\u00f6lgede antik d\u00f6neme ait Kuros (Gen\u00e7 erkek) heykelinin par\u00e7as\u0131 ortaya \u00e7\u0131kt\u0131.<br \/>\n<br \/>Topra\u011f\u0131n a\u015f\u0131nmas\u0131yla meydana \u00e7\u0131kan bir Kuros heykeline ait par\u00e7a, Berkant Akbacak isimli duyarl\u0131 bir vatanda\u015f taraf\u0131ndan g\u00f6r\u00fclerek ilgili kurumlara bildirildi. B\u00f6lgeye giden Ekosistemi Koruma ve do\u011fa Sevenler Derne\u011fi yetkilileri b\u00f6lgede incelemelerde bulundu. Yap\u0131lan incelemede antik d\u00f6nemden kalan arkeolojik ke\u015fiflerin k\u0131y\u0131sal alan\u0131nda ve sualt\u0131nda hi\u00e7bir kaz\u0131 \u00e7al\u0131\u015fmas\u0131 yap\u0131lmadan bile g\u00f6r\u00fclebilen Y\u0131lanc\u0131 Burnu\u2019nda, yar\u0131madan\u0131n bat\u0131s\u0131ndaki sahilde ak\u0131nt\u0131 topra\u011f\u0131n, dalgalar taraf\u0131ndan a\u015f\u0131nd\u0131r\u0131lmas\u0131yla ortaya bir Kuros heykeline ait par\u00e7an\u0131n \u00e7\u0131kt\u0131\u011f\u0131, orijinal yerinde olmad\u0131\u011f\u0131, Bizans D\u00f6nemi\u2019nde \u00fczeri kaz\u0131narak dev\u015firme malzeme olarak kullan\u0131ld\u0131\u011f\u0131 anla\u015f\u0131ld\u0131.<br \/>\n<br \/>Ayd\u0131n K\u00fclt\u00fcr Varl\u0131klar\u0131n\u0131 Koruma B\u00f6lge Kurulu\u2019nun karar\u0131yla, Ayd\u0131n Arkeoloji M\u00fczesi uzmanlar\u0131nca yerinden al\u0131nan par\u00e7a, Ayd\u0131n Arkeoloji M\u00fczesi\u2019ne g\u00f6t\u00fcr\u00fclerek koruma alt\u0131na al\u0131nd\u0131.<br \/>\n<br \/>EKODOSD \u00fcyesi arkeolog Levent Kutbay &#8221; 90\u2019l\u0131 y\u0131llarda yine Y\u0131lanc\u0131 Burnu mevkiinde bir Kuros par\u00e7as\u0131 bulunmu\u015f ve Efes M\u00fczesine g\u00f6t\u00fcr\u00fclm\u00fc\u015f. Arkaik d\u00f6neme \u00f6zg\u00fc ayakta duran gen\u00e7 erkek heykellerine Antik Yunan da Kuros denilmektedir. M\u0131s\u0131r sanat\u0131 etkisinde bacaklardan biri, genellikle solda bir ad\u0131m ileride, kollar v\u00fccutla birle\u015fmi\u015f ve eller yumruk yap\u0131lm\u0131\u015f olarak betimlenmi\u015ftir.  \u0130lk kez M.\u00d6. 615-590 aras\u0131nda g\u00f6r\u00fclm\u00fc\u015ft\u00fcr. Bu heykeller genellikle gen\u00e7 ya\u015fta \u00f6lm\u00fc\u015f delikanl\u0131lar ya da Olimpiyat Oyunlar\u0131\u2019nda ba\u015far\u0131 kazanm\u0131\u015f gen\u00e7 atletlerin mezar ta\u015f\u0131 veya an\u0131tsal i\u015fareti olarak kullan\u0131lm\u0131\u015ft\u0131r. Kuroslar yine ayn\u0131 d\u00f6neme ait Kore ad\u0131 verilen giysili kad\u0131n tasvirleri ile b\u00fcy\u00fck boyutlu mermer heykellerin ilk \u00f6rnekleridir. Y\u0131lanc\u0131 Burnundaki antik yerle\u015fimin Antik yazar ve co\u011frafyac\u0131 Strabon\u2019un ( M\u00d6 64 &#8211; MS 24) bahsetti\u011fi Marathesion ya da Neapolis kentlerinden biri olma ihtimali kuvvetlidir. Ancak alanda yap\u0131lan y\u00fczey ara\u015ft\u0131rmalar\u0131nda bulunan seramikler kap par\u00e7alar\u0131 buras\u0131n\u0131n \u00e7ok daha erken tarihlerden beri iskan edildi\u011fini kan\u0131tlam\u0131\u015ft\u0131r. En eski kap par\u00e7alar\u0131 erken tun\u00e7 \u00e7a\u011f\u0131na (M\u00d6 3000 &#8211; M\u00d6 2000) aittir. Y\u0131lanc\u0131 Burnu yar\u0131mada k\u0131sta\u011f\u0131ndan \u00e7ok daha geni\u015f bir alana yay\u0131lm\u0131\u015ft\u0131r ve ne yaz\u0131k b\u00fcy\u00fck bir k\u0131sm\u0131 siteler alt\u0131nda kalm\u0131\u015ft\u0131r&#8221; dedi.<br \/><\/p>\n","protected":false},"excerpt":{"rendered":"<p>Ayd\u0131n\u2019\u0131n Ku\u015fadas\u0131 il\u00e7esinde dalgalar\u0131n a\u015f\u0131nd\u0131rd\u0131\u011f\u0131 b\u00f6lgede antik d\u00f6neme ait Kuros (Gen\u00e7 erkek) heykelinin par\u00e7as\u0131 ortaya \u00e7\u0131kt\u0131. Topra\u011f\u0131n a\u015f\u0131nmas\u0131yla meydana \u00e7\u0131kan bir Kuros heykeline ait par\u00e7a, Berkant Akbacak isimli duyarl\u0131 bir vatanda\u015f taraf\u0131ndan g\u00f6r\u00fclerek ilgili kurumlara bildirildi. B\u00f6lgeye giden Ekosistemi Koruma ve do\u011fa Sevenler Derne\u011fi yetkilileri b\u00f6lgede incelemelerde bulundu. Yap\u0131lan incelemede antik d\u00f6nemden kalan arkeolojik ke\u015fiflerin&#8230;<\/p>\n","protected":false},"author":1,"featured_media":18261,"comment_status":"open","ping_status":"open","sticky":false,"template":"","format":"standard","meta":{"_crdt_document":"","footnotes":""},"categories":[1],"tags":[],"class_list":["post-18260","post","type-post","status-publish","format-standard","has-post-thumbnail","hentry","category-guncel"],"_links":{"self":[{"href":"https:\/\/www.egemtv.com\/index.php?rest_route=\/wp\/v2\/posts\/18260","targetHints":{"allow":["GET"]}}],"collection":[{"href":"https:\/\/www.egemtv.com\/index.php?rest_route=\/wp\/v2\/posts"}],"about":[{"href":"https:\/\/www.egemtv.com\/index.php?rest_route=\/wp\/v2\/types\/post"}],"author":[{"embeddable":true,"href":"https:\/\/www.egemtv.com\/index.php?rest_route=\/wp\/v2\/users\/1"}],"replies":[{"embeddable":true,"href":"https:\/\/www.egemtv.com\/index.php?rest_route=%2Fwp%2Fv2%2Fcomments&post=18260"}],"version-history":[{"count":1,"href":"https:\/\/www.egemtv.com\/index.php?rest_route=\/wp\/v2\/posts\/18260\/revisions"}],"predecessor-version":[{"id":18262,"href":"https:\/\/www.egemtv.com\/index.php?rest_route=\/wp\/v2\/posts\/18260\/revisions\/18262"}],"wp:featuredmedia":[{"embeddable":true,"href":"https:\/\/www.egemtv.com\/index.php?rest_route=\/wp\/v2\/media\/18261"}],"wp:attachment":[{"href":"https:\/\/www.egemtv.com\/index.php?rest_route=%2Fwp%2Fv2%2Fmedia&parent=18260"}],"wp:term":[{"taxonomy":"category","embeddable":true,"href":"https:\/\/www.egemtv.com\/index.php?rest_route=%2Fwp%2Fv2%2Fcategories&post=18260"},{"taxonomy":"post_tag","embeddable":true,"href":"https:\/\/www.egemtv.com\/index.php?rest_route=%2Fwp%2Fv2%2Ftags&post=18260"}],"curies":[{"name":"wp","href":"https:\/\/api.w.org\/{rel}","templated":true}]}}