{"id":18254,"date":"2025-02-13T09:43:21","date_gmt":"2025-02-13T06:43:21","guid":{"rendered":"https:\/\/www.egemtv.com\/?p=18254"},"modified":"2025-02-13T09:43:26","modified_gmt":"2025-02-13T06:43:26","slug":"izmirden-iskocyaya-basari-yolculugu","status":"publish","type":"post","link":"https:\/\/www.egemtv.com\/?p=18254","title":{"rendered":"\u0130zmir\u2019den \u0130sko\u00e7ya\u2019ya \u2018ba\u015far\u0131\u2019 yolculu\u011fu"},"content":{"rendered":"<p>\u0130zmir Ekonomi \u00dcniversitesi (\u0130E\u00dc) Uluslararas\u0131 Ticaret ve Finansman B\u00f6l\u00fcm\u00fc \u00f6\u011frencisi Do\u011fu \u00c7eteci, d\u00fcnyan\u0131n en iyi 100 \u00fcniversitesi aras\u0131nda g\u00f6sterilen \u0130sko\u00e7ya\u2019daki St Andrews \u00dcniversitesi\u2019ne y\u00fcksek lisans i\u00e7in kabul edildi. \u00c7eteci, 612 y\u0131ll\u0131k tarihiyle dikkat \u00e7eken ve uluslararas\u0131 alanda binlerce ba\u015far\u0131l\u0131 gencin hayallerini s\u00fcsleyen St Andrews\u2019te \u2018ekonomi\u2019 e\u011fitimi alacak. Bu yaz gidece\u011fi \u0130sko\u00e7ya\u2019da bir y\u0131l kalacak olan \u00c7eteci, yeni bilgiler \u00f6\u011frenirken \u00e7evresini de geli\u015ftirerek, kendisine yeni kariyer f\u0131rsatlar\u0131 yakalayacak.<br \/>\n<br \/>\u0130E\u00dc \u0130\u015fletme Fak\u00fcltesi Uluslararas\u0131 Ticaret ve Finansman B\u00f6l\u00fcm\u00fc\u2019nden bu sene mezun olmaya haz\u0131rlanan 23 ya\u015f\u0131ndaki \u00c7eteci, yurt d\u0131\u015f\u0131nda e\u011fitim alma hedefine ula\u015faca\u011f\u0131 i\u00e7in heyecanl\u0131 oldu\u011funu s\u00f6yledi.<\/p>\n<p>&#8220;Zaman darald\u0131k\u00e7a motivasyonum at\u0131yor&#8221;<br \/>\n<br \/>Birle\u015fik Krall\u0131k\u2019ta bulunan en sayg\u0131n y\u00fcksek\u00f6\u011fretim kurumlar\u0131ndan biri olan St Andrews \u00dcniversitesi\u2019ne kabul edilmesinde not ortalamas\u0131n\u0131n ve referanslar\u0131n\u0131n \u00e7ok belirleyici oldu\u011funu vurgulayan \u00c7eteci, kendisine destek olan akademisyenlerine te\u015fekk\u00fcr etti. \u00c7eteci, &#8220;Zaman darald\u0131k\u00e7a motivasyonum da art\u0131yor. \u0130sko\u00e7ya\u2019ya gitmek i\u00e7in sab\u0131rs\u0131zlan\u0131yorum. 1413 y\u0131l\u0131nda in\u015fa edilen, Birle\u015fik Krall\u0131k\u2019\u0131n en iyi \u00fcniversitelerinden biri olarak kabul edilen, b\u00f6ylesine sayg\u0131n bir \u00fcniversitede e\u011fitim alaca\u011f\u0131m i\u00e7in kendimi \u015fansl\u0131 hissediyorum. Kariyerim ve hedeflerim i\u00e7in \u00f6nemli bir f\u0131rsat yakalad\u0131m. Bunu en iyi \u015fekilde de\u011ferlendirmek istiyorum. Her y\u0131l binlerce \u00f6\u011frenci, y\u00fcksek lisans e\u011fitimi i\u00e7in St Andrews\u2019a ba\u015fvuruda bulunuyor. Neden bu e\u011fitimi almak istedi\u011finiz, size kimlerin referans oldu\u011fu, not ortalaman\u0131z ve \u00f6\u011frenciyken yapt\u0131\u011f\u0131n\u0131z \u00e7al\u0131\u015fmalara bak\u0131l\u0131yor. Detayl\u0131 bir inceleme neticesinde bu hakk\u0131 kazanan \u00f6\u011frenciler belli oluyor. \u00c7ok say\u0131da gen\u00e7 aras\u0131ndan se\u00e7ildi\u011fim i\u00e7in mutluyum&#8221; ifadelerini kulland\u0131.<\/p>\n<p>&#8220;Merkez bankac\u0131l\u0131\u011f\u0131 alan\u0131nda ilerlemek isterim&#8221;<br \/>\n<br \/>Mezun olduktan sonra merkez bankac\u0131l\u0131\u011f\u0131 alan\u0131nda ilerlemek istedi\u011fini ifade eden \u00c7eteci, &#8220;G\u00fcn\u00fcm\u00fczde uluslar\u0131n ekonomik zenginli\u011fi, uluslararas\u0131 ticaretteki ve finans piyasalar\u0131ndaki etkinli\u011fiyle, rekabet\u00e7ili\u011fiyle \u00f6l\u00e7\u00fcl\u00fcyor. Uluslararas\u0131 ticaret ve finans alan\u0131nda yeti\u015fmi\u015f nitelikli insan kayna\u011f\u0131na olan ihtiya\u00e7, talep de s\u00fcrekli art\u0131yor. \u00dcniversitemde iyi bir e\u011fitim g\u00f6rd\u00fc\u011f\u00fcme inan\u0131yorum. Buna ek olarak, St Andrews\u2019te ekonomi alan\u0131nda lisans\u00fcst\u00fc e\u011fitim almak, bana \u00e7ok de\u011ferli katk\u0131lar sa\u011flayacak. Kariyerimle ilgili konu\u015fmak i\u00e7in hen\u00fcz erken ama \u00fclkeme d\u00f6n\u00fcp merkez bankac\u0131l\u0131\u011f\u0131 alan\u0131nda \u00e7al\u0131\u015fmay\u0131 istiyorum. Kendimi, \u0130sko\u00e7ya\u2019da en iyi \u015fekilde geli\u015ftirmeye odaklad\u0131m&#8221; diye konu\u015ftu.<br \/><\/p>\n","protected":false},"excerpt":{"rendered":"<p>\u0130zmir Ekonomi \u00dcniversitesi (\u0130E\u00dc) Uluslararas\u0131 Ticaret ve Finansman B\u00f6l\u00fcm\u00fc \u00f6\u011frencisi Do\u011fu \u00c7eteci, d\u00fcnyan\u0131n en iyi 100 \u00fcniversitesi aras\u0131nda g\u00f6sterilen \u0130sko\u00e7ya\u2019daki St Andrews \u00dcniversitesi\u2019ne y\u00fcksek lisans i\u00e7in kabul edildi. \u00c7eteci, 612 y\u0131ll\u0131k tarihiyle dikkat \u00e7eken ve uluslararas\u0131 alanda binlerce ba\u015far\u0131l\u0131 gencin hayallerini s\u00fcsleyen St Andrews\u2019te \u2018ekonomi\u2019 e\u011fitimi alacak. Bu yaz gidece\u011fi \u0130sko\u00e7ya\u2019da bir y\u0131l kalacak olan&#8230;<\/p>\n","protected":false},"author":1,"featured_media":18255,"comment_status":"open","ping_status":"open","sticky":false,"template":"","format":"standard","meta":{"_crdt_document":"","footnotes":""},"categories":[1],"tags":[],"class_list":["post-18254","post","type-post","status-publish","format-standard","has-post-thumbnail","hentry","category-guncel"],"_links":{"self":[{"href":"https:\/\/www.egemtv.com\/index.php?rest_route=\/wp\/v2\/posts\/18254","targetHints":{"allow":["GET"]}}],"collection":[{"href":"https:\/\/www.egemtv.com\/index.php?rest_route=\/wp\/v2\/posts"}],"about":[{"href":"https:\/\/www.egemtv.com\/index.php?rest_route=\/wp\/v2\/types\/post"}],"author":[{"embeddable":true,"href":"https:\/\/www.egemtv.com\/index.php?rest_route=\/wp\/v2\/users\/1"}],"replies":[{"embeddable":true,"href":"https:\/\/www.egemtv.com\/index.php?rest_route=%2Fwp%2Fv2%2Fcomments&post=18254"}],"version-history":[{"count":1,"href":"https:\/\/www.egemtv.com\/index.php?rest_route=\/wp\/v2\/posts\/18254\/revisions"}],"predecessor-version":[{"id":18256,"href":"https:\/\/www.egemtv.com\/index.php?rest_route=\/wp\/v2\/posts\/18254\/revisions\/18256"}],"wp:featuredmedia":[{"embeddable":true,"href":"https:\/\/www.egemtv.com\/index.php?rest_route=\/wp\/v2\/media\/18255"}],"wp:attachment":[{"href":"https:\/\/www.egemtv.com\/index.php?rest_route=%2Fwp%2Fv2%2Fmedia&parent=18254"}],"wp:term":[{"taxonomy":"category","embeddable":true,"href":"https:\/\/www.egemtv.com\/index.php?rest_route=%2Fwp%2Fv2%2Fcategories&post=18254"},{"taxonomy":"post_tag","embeddable":true,"href":"https:\/\/www.egemtv.com\/index.php?rest_route=%2Fwp%2Fv2%2Ftags&post=18254"}],"curies":[{"name":"wp","href":"https:\/\/api.w.org\/{rel}","templated":true}]}}