{"id":18251,"date":"2025-02-13T09:42:29","date_gmt":"2025-02-13T06:42:29","guid":{"rendered":"https:\/\/www.egemtv.com\/?p=18251"},"modified":"2025-02-13T09:42:33","modified_gmt":"2025-02-13T06:42:33","slug":"efelerin-yeni-otoparki-hizmete-girdi","status":"publish","type":"post","link":"https:\/\/www.egemtv.com\/?p=18251","title":{"rendered":"Efeler\u2019in yeni otopark\u0131 hizmete girdi"},"content":{"rendered":"<p>Efeler Belediye Ba\u015fkan\u0131 An\u0131l Yeti\u015fkin, Zafer Mahallesi\u2019ndeki eski minib\u00fcs garaj\u0131 alan\u0131n\u0131n otopark olarak hizmete a\u00e7\u0131lmas\u0131n\u0131n ard\u0131ndan b\u00f6lgeyi ziyaret etti.<\/p>\n<p>Vatanda\u015flarla bir araya gelen Ba\u015fkan Yeti\u015fkin, yap\u0131lan d\u00fczenlemeler hakk\u0131nda bilgi vererek, otopark\u0131n mahalle sakinleri i\u00e7in g\u00fcvenli ve kullan\u0131\u015fl\u0131 bir alan haline getirildi\u011fini vurgulad\u0131. Ba\u015fkan Yeti\u015fkin, alandaki \u00e7al\u0131\u015fmalar\u0131 yak\u0131ndan inceleyerek, &#8220;Buras\u0131 uzun zamand\u0131r ciddi \u015fikayetlere neden oluyordu. Toz ve d\u00fczensizlikten kurtar\u0131p, g\u00fcvenlik kameralar\u0131, ayd\u0131nlatmalar ve tuvaletlerle daha kullan\u0131\u015fl\u0131 hale getirdik. \u00d6zellikle Sal\u0131 g\u00fcnleri burada kurulan halk pazar\u0131 i\u00e7in hem vatanda\u015flar\u0131m\u0131z\u0131n hem de esnaf\u0131m\u0131z\u0131n rahat\u00e7a faydalanabilece\u011fi bir alan olu\u015fturduk&#8221; dedi.<\/p>\n<p>Mahalle sakinleri ise yeni otopark\u0131n b\u00f6lgedeki \u00f6nemli bir ihtiyac\u0131 kar\u015f\u0131lad\u0131\u011f\u0131n\u0131 belirterek, Ba\u015fkan Yeti\u015fkin\u2019e te\u015fekk\u00fcr etti. &#8220;Bizi y\u0131llard\u0131r \u00e7ekti\u011fimiz tozdan kurtard\u0131n\u0131z&#8221; diyen vatanda\u015flar, yap\u0131lan hizmetten duyduklar\u0131 memnuniyeti dile getirdi.<br \/><\/p>\n","protected":false},"excerpt":{"rendered":"<p>Efeler Belediye Ba\u015fkan\u0131 An\u0131l Yeti\u015fkin, Zafer Mahallesi\u2019ndeki eski minib\u00fcs garaj\u0131 alan\u0131n\u0131n otopark olarak hizmete a\u00e7\u0131lmas\u0131n\u0131n ard\u0131ndan b\u00f6lgeyi ziyaret etti. Vatanda\u015flarla bir araya gelen Ba\u015fkan Yeti\u015fkin, yap\u0131lan d\u00fczenlemeler hakk\u0131nda bilgi vererek, otopark\u0131n mahalle sakinleri i\u00e7in g\u00fcvenli ve kullan\u0131\u015fl\u0131 bir alan haline getirildi\u011fini vurgulad\u0131. Ba\u015fkan Yeti\u015fkin, alandaki \u00e7al\u0131\u015fmalar\u0131 yak\u0131ndan inceleyerek, &#8220;Buras\u0131 uzun zamand\u0131r ciddi \u015fikayetlere neden oluyordu&#8230;.<\/p>\n","protected":false},"author":1,"featured_media":18252,"comment_status":"open","ping_status":"open","sticky":false,"template":"","format":"standard","meta":{"_crdt_document":"","footnotes":""},"categories":[1],"tags":[],"class_list":["post-18251","post","type-post","status-publish","format-standard","has-post-thumbnail","hentry","category-guncel"],"_links":{"self":[{"href":"https:\/\/www.egemtv.com\/index.php?rest_route=\/wp\/v2\/posts\/18251","targetHints":{"allow":["GET"]}}],"collection":[{"href":"https:\/\/www.egemtv.com\/index.php?rest_route=\/wp\/v2\/posts"}],"about":[{"href":"https:\/\/www.egemtv.com\/index.php?rest_route=\/wp\/v2\/types\/post"}],"author":[{"embeddable":true,"href":"https:\/\/www.egemtv.com\/index.php?rest_route=\/wp\/v2\/users\/1"}],"replies":[{"embeddable":true,"href":"https:\/\/www.egemtv.com\/index.php?rest_route=%2Fwp%2Fv2%2Fcomments&post=18251"}],"version-history":[{"count":1,"href":"https:\/\/www.egemtv.com\/index.php?rest_route=\/wp\/v2\/posts\/18251\/revisions"}],"predecessor-version":[{"id":18253,"href":"https:\/\/www.egemtv.com\/index.php?rest_route=\/wp\/v2\/posts\/18251\/revisions\/18253"}],"wp:featuredmedia":[{"embeddable":true,"href":"https:\/\/www.egemtv.com\/index.php?rest_route=\/wp\/v2\/media\/18252"}],"wp:attachment":[{"href":"https:\/\/www.egemtv.com\/index.php?rest_route=%2Fwp%2Fv2%2Fmedia&parent=18251"}],"wp:term":[{"taxonomy":"category","embeddable":true,"href":"https:\/\/www.egemtv.com\/index.php?rest_route=%2Fwp%2Fv2%2Fcategories&post=18251"},{"taxonomy":"post_tag","embeddable":true,"href":"https:\/\/www.egemtv.com\/index.php?rest_route=%2Fwp%2Fv2%2Ftags&post=18251"}],"curies":[{"name":"wp","href":"https:\/\/api.w.org\/{rel}","templated":true}]}}