{"id":18248,"date":"2025-02-13T09:42:26","date_gmt":"2025-02-13T06:42:26","guid":{"rendered":"https:\/\/www.egemtv.com\/?p=18248"},"modified":"2025-02-13T09:42:28","modified_gmt":"2025-02-13T06:42:28","slug":"aydina-hafta-sonu-yagislar-geliyor","status":"publish","type":"post","link":"https:\/\/www.egemtv.com\/?p=18248","title":{"rendered":"Ayd\u0131n\u2019a hafta sonu ya\u011f\u0131\u015flar geliyor"},"content":{"rendered":"<p>T\u00fcrkiye\u2019nin en s\u0131cak illerinden olan Ayd\u0131n\u2019da, hava s\u0131cakl\u0131klar\u0131 3 ila 4 derece y\u00fckselirken, hafta sonu da ya\u011f\u0131\u015fl\u0131 ge\u00e7ecek.<\/p>\n<p>Meteoroloji B\u00f6lge M\u00fcd\u00fcrl\u00fc\u011f\u00fc taraf\u0131ndan yap\u0131lan a\u00e7\u0131klamaya g\u00f6re Ayd\u0131n\u2019da hava s\u0131cakl\u0131klar\u0131 hafta sonu mevsim normallerinde seyredecek. Hava s\u0131cakl\u0131klar\u0131n\u0131n il genelinde 3 ila 4 derece y\u00fckselece\u011fi tahmin ediliyor. Par\u00e7al\u0131 ve \u00e7ok bulutlu bir havan\u0131n hakim olaca\u011f\u0131 Ayd\u0131n\u2019da hafta sonu aral\u0131kl\u0131 sa\u011fanak ya\u011f\u0131\u015f\u0131n etkili olmas\u0131 bekleniyor.<\/p>\n<p>Meteoroloji Genel M\u00fcd\u00fcrl\u00fc\u011f\u00fc taraf\u0131ndan yap\u0131lan son de\u011ferlendirmelere g\u00f6re Ayd\u0131n\u2019da 14 \u015eubat Cuma g\u00fcn\u00fc hava s\u0131cakl\u0131\u011f\u0131 en d\u00fc\u015f\u00fck 3, en y\u00fcksek 14 derece olacak. 15 \u015eubat Cumartesi g\u00fcn\u00fc hava s\u0131cakl\u0131\u011f\u0131 en d\u00fc\u015f\u00fck 7, en y\u00fcksek 17 derece olacak. 16 \u015eubat Pazar g\u00fcn\u00fc ise hava s\u0131cakl\u0131\u011f\u0131 en d\u00fc\u015f\u00fck 6, en y\u00fcksek 18 derece olacak. Haftasonu boyunca ise par\u00e7al\u0131, \u00e7ok bulutlu ve aral\u0131kl\u0131 sa\u011fanak ya\u011f\u0131\u015fl\u0131 bir hava hakim olacak.<\/p>\n<p>Yetkililer, etkili olmas\u0131 beklenen ya\u011f\u0131\u015flar sebebiyle meydana gelebilecek su bask\u0131n\u0131, ula\u015f\u0131mda aksamalar gibi durumlara kar\u015f\u0131 dikkatli olunmas\u0131 \u00e7a\u011fr\u0131s\u0131nda bulundu.<br \/><\/p>\n","protected":false},"excerpt":{"rendered":"<p>T\u00fcrkiye\u2019nin en s\u0131cak illerinden olan Ayd\u0131n\u2019da, hava s\u0131cakl\u0131klar\u0131 3 ila 4 derece y\u00fckselirken, hafta sonu da ya\u011f\u0131\u015fl\u0131 ge\u00e7ecek. Meteoroloji B\u00f6lge M\u00fcd\u00fcrl\u00fc\u011f\u00fc taraf\u0131ndan yap\u0131lan a\u00e7\u0131klamaya g\u00f6re Ayd\u0131n\u2019da hava s\u0131cakl\u0131klar\u0131 hafta sonu mevsim normallerinde seyredecek. Hava s\u0131cakl\u0131klar\u0131n\u0131n il genelinde 3 ila 4 derece y\u00fckselece\u011fi tahmin ediliyor. Par\u00e7al\u0131 ve \u00e7ok bulutlu bir havan\u0131n hakim olaca\u011f\u0131 Ayd\u0131n\u2019da hafta sonu&#8230;<\/p>\n","protected":false},"author":1,"featured_media":18249,"comment_status":"open","ping_status":"open","sticky":false,"template":"","format":"standard","meta":{"_crdt_document":"","footnotes":""},"categories":[1],"tags":[],"class_list":["post-18248","post","type-post","status-publish","format-standard","has-post-thumbnail","hentry","category-guncel"],"_links":{"self":[{"href":"https:\/\/www.egemtv.com\/index.php?rest_route=\/wp\/v2\/posts\/18248","targetHints":{"allow":["GET"]}}],"collection":[{"href":"https:\/\/www.egemtv.com\/index.php?rest_route=\/wp\/v2\/posts"}],"about":[{"href":"https:\/\/www.egemtv.com\/index.php?rest_route=\/wp\/v2\/types\/post"}],"author":[{"embeddable":true,"href":"https:\/\/www.egemtv.com\/index.php?rest_route=\/wp\/v2\/users\/1"}],"replies":[{"embeddable":true,"href":"https:\/\/www.egemtv.com\/index.php?rest_route=%2Fwp%2Fv2%2Fcomments&post=18248"}],"version-history":[{"count":1,"href":"https:\/\/www.egemtv.com\/index.php?rest_route=\/wp\/v2\/posts\/18248\/revisions"}],"predecessor-version":[{"id":18250,"href":"https:\/\/www.egemtv.com\/index.php?rest_route=\/wp\/v2\/posts\/18248\/revisions\/18250"}],"wp:featuredmedia":[{"embeddable":true,"href":"https:\/\/www.egemtv.com\/index.php?rest_route=\/wp\/v2\/media\/18249"}],"wp:attachment":[{"href":"https:\/\/www.egemtv.com\/index.php?rest_route=%2Fwp%2Fv2%2Fmedia&parent=18248"}],"wp:term":[{"taxonomy":"category","embeddable":true,"href":"https:\/\/www.egemtv.com\/index.php?rest_route=%2Fwp%2Fv2%2Fcategories&post=18248"},{"taxonomy":"post_tag","embeddable":true,"href":"https:\/\/www.egemtv.com\/index.php?rest_route=%2Fwp%2Fv2%2Ftags&post=18248"}],"curies":[{"name":"wp","href":"https:\/\/api.w.org\/{rel}","templated":true}]}}