{"id":18245,"date":"2025-02-13T09:28:20","date_gmt":"2025-02-13T06:28:20","guid":{"rendered":"https:\/\/www.egemtv.com\/?p=18245"},"modified":"2025-02-13T09:28:24","modified_gmt":"2025-02-13T06:28:24","slug":"izmir-yangina-direncli-koy-projeleri-ile-yanginlara-karsi-daha-da-gucleniyor","status":"publish","type":"post","link":"https:\/\/www.egemtv.com\/?p=18245","title":{"rendered":"\u0130zmir, \u2018Yang\u0131na Diren\u00e7li K\u00f6y\u2019 projeleri ile yang\u0131nlara kar\u015f\u0131 daha da g\u00fc\u00e7leniyor"},"content":{"rendered":"<p>\u0130zmir B\u00fcy\u00fck\u015fehir Belediyesi ile T\u00fcrkiye Ormanc\u0131lar Derne\u011fi (TOD) ve Ege Orman Vakf\u0131 aras\u0131nda imzalanan &#8220;Yang\u0131na Diren\u00e7li K\u00f6y Olu\u015fturulmas\u0131na Y\u00f6nelik \u00c7al\u0131\u015fmalar\u0131n Y\u00fcr\u00fct\u00fclmesinde \u0130\u015f Birli\u011fi Protokol\u00fc&#8221; \u00e7er\u00e7evesinde, ilk olarak Kemalpa\u015fa il\u00e7esinin Yukar\u0131k\u0131z\u0131lca Mahallesi\u2019nde ba\u015flat\u0131lan proje, \u015fimdi ise \u0130zmir\u2019in di\u011fer mahallelerine yay\u0131lmay\u0131 hedefliyor.<br \/>\n<br \/>\u0130zmir B\u00fcy\u00fck\u015fehir Belediyesi \u0130tfaiye Dairesi Ba\u015fkanl\u0131\u011f\u0131 \u0130tfaiye Orman K\u00f6yleri ve K\u0131rsal Alan Yang\u0131nlar\u0131 M\u00fcdahale \u015eube M\u00fcd\u00fcr\u00fc \u015eerife G\u00fczel, Bergama Belediyesi Afet \u0130\u015fleri M\u00fcd\u00fcr\u00fc \u0130lker Co\u015fkun, T\u00fcrkiye Ormanc\u0131lar Derne\u011fi \u00fcyeleri Ahmet Kenan \u00d6ztan, Vehbi Tutmaz ve Mustafa Tonay, Bergama il\u00e7esindeki \u0130ncecikler ve Yerlitahtac\u0131 mahallelerine ziyarette bulundu. Mahalle muhtarlar\u0131 ve b\u00f6lgedeki vatanda\u015flarla bir araya gelinen ziyarette, \u2018Yang\u0131na Diren\u00e7li K\u00f6y\u2019 Projesi hakk\u0131nda detayl\u0131 bilgilendirme yap\u0131ld\u0131. Kar\u015f\u0131l\u0131kl\u0131 fikir al\u0131\u015fveri\u015fi ve g\u00f6r\u00fc\u015fmelerin ard\u0131ndan, mahallelerin yap\u0131s\u0131, mevcut altyap\u0131lar\u0131 ve yang\u0131na kar\u015f\u0131 ta\u015f\u0131d\u0131klar\u0131 riskler titizlikle incelendi. Elde edilen veriler not edilirken, bu veriler \u0131\u015f\u0131\u011f\u0131nda projenin ikinci ad\u0131m\u0131 i\u00e7in belirlenen Yerlitahtac\u0131 Mahallesi\u2019nde uygulamaya ge\u00e7ildi.<\/p>\n<p>&#8220;Olas\u0131 bir yang\u0131n an\u0131nda olu\u015fabilecek can ve mal kay\u0131plar\u0131n\u0131n \u00f6n\u00fcne ge\u00e7ebiliriz&#8221;<br \/>\n<br \/>Ziyarette konu\u015fan \u0130tfaiye Orman K\u00f6yleri ve K\u0131rsal Alan Yang\u0131nlar\u0131 M\u00fcdahale \u015eube M\u00fcd\u00fcr\u00fc \u015eerife G\u00fczel, orman yang\u0131nlar\u0131na kar\u015f\u0131 al\u0131nacak \u00f6nlemlerin kritik \u00f6nem ta\u015f\u0131d\u0131\u011f\u0131na dikkat \u00e7ekti. Sivil toplum kurulu\u015flar\u0131yla i\u015fbirli\u011fi i\u00e7erisinde y\u00fcr\u00fct\u00fclen \u2018Yang\u0131na Diren\u00e7li K\u00f6y\u2019 projesinin, b\u00f6lgedeki yang\u0131n risklerini minimize etmek ad\u0131na kritik bir ad\u0131m oldu\u011funu belirten G\u00fczel, &#8220;\u0130ncecikler ve Yerlitahtac\u0131 Mahallelerinde ger\u00e7ekle\u015ftirdi\u011fimiz ziyaret, projemizin ne kadar b\u00fcy\u00fck bir \u00f6neme sahip oldu\u011funu bir kez daha ortaya koydu. K\u00fc\u00e7\u00fck bir alanda ba\u015flayan orman yang\u0131nlar\u0131, h\u0131zla yay\u0131larak b\u00fcy\u00fck alanlar\u0131 etkileyebilir ancak yang\u0131na diren\u00e7li k\u00f6yler olu\u015fturarak, orman k\u00f6ylerimizde meydana gelebilecek yang\u0131nlar\u0131 \u00f6nleyebilir, olas\u0131 bir yang\u0131n an\u0131nda ise olu\u015fabilecek can ve mal kay\u0131plar\u0131n\u0131n \u00f6n\u00fcne ge\u00e7ebiliriz&#8221; dedi.<\/p>\n<p>&#8220;Felaketlerin \u00f6n\u00fcne ge\u00e7mek i\u00e7in b\u00fcy\u00fck bir ad\u0131m atmam\u0131za yard\u0131mc\u0131 olacak&#8221;<br \/>\n<br \/>Ge\u00e7ti\u011fimiz yaz \u0130zmir\u2019de ya\u015fanan orman yang\u0131nlar\u0131n\u0131n herkesi derinden etkiledi\u011fini belirten ve yang\u0131na diren\u00e7li k\u00f6yler olu\u015fturarak bu t\u00fcr felaketlerin \u00f6n\u00fcne ge\u00e7ilebilece\u011fini vurgulayan G\u00fczel, &#8220;Bu proje, k\u00f6ylerimizi daha g\u00fcvenli hale getirerek, gelecekteki b\u00fcy\u00fck felaketlerin \u00f6n\u00fcne ge\u00e7mek i\u00e7in b\u00fcy\u00fck bir ad\u0131m atmam\u0131za yard\u0131mc\u0131 olacak&#8221; dedi. Ayr\u0131ca, bu projenin, \u0130zmir\u2019in di\u011fer k\u00f6ylerine de yay\u0131lacak \u015fekilde planland\u0131\u011f\u0131n\u0131 ve daha geni\u015f kapsamda uygulamaya konulaca\u011f\u0131n\u0131 da s\u00f6zlerine ekleyen G\u00fczel, &#8220;Projenin bitimi ile projenin detaylar\u0131 t\u00fcm \u0130l\u00e7e Belediyeleri ile payla\u015farak yol haritas\u0131 olmas\u0131n\u0131 hedefliyoruz&#8221; diyerek, \u0130zmir\u2019in yang\u0131n direncinin her ge\u00e7en g\u00fcn artaca\u011f\u0131n\u0131 s\u00f6zlerine ekledi.<\/p>\n<p>&#8220;Projeye destek vermek istiyoruz&#8221;<br \/>\n<br \/>Yerlitahtac\u0131 Mahallesi Muhtar\u0131 Veli Mantar, ger\u00e7ekle\u015fen ziyaretin ard\u0131ndan, orman k\u00f6y\u00fc olmalar\u0131 dolay\u0131s\u0131yla ormanlar\u0131n korunmas\u0131n\u0131n b\u00fcy\u00fck \u00f6nem ta\u015f\u0131d\u0131\u011f\u0131n\u0131 ifade etti. Mantar, &#8220;Bu proje ger\u00e7ekten \u00e7ok de\u011ferli. Ormanlar\u0131m\u0131z\u0131n korunmas\u0131 bizim i\u00e7in \u00f6ncelikli bir konu. Bir orman k\u00f6y\u00fc olarak bu t\u00fcr giri\u015fimlere katk\u0131 sa\u011flamak ve projeye destek vermek istiyoruz&#8221; dedi.<br \/><\/p>\n","protected":false},"excerpt":{"rendered":"<p>\u0130zmir B\u00fcy\u00fck\u015fehir Belediyesi ile T\u00fcrkiye Ormanc\u0131lar Derne\u011fi (TOD) ve Ege Orman Vakf\u0131 aras\u0131nda imzalanan &#8220;Yang\u0131na Diren\u00e7li K\u00f6y Olu\u015fturulmas\u0131na Y\u00f6nelik \u00c7al\u0131\u015fmalar\u0131n Y\u00fcr\u00fct\u00fclmesinde \u0130\u015f Birli\u011fi Protokol\u00fc&#8221; \u00e7er\u00e7evesinde, ilk olarak Kemalpa\u015fa il\u00e7esinin Yukar\u0131k\u0131z\u0131lca Mahallesi\u2019nde ba\u015flat\u0131lan proje, \u015fimdi ise \u0130zmir\u2019in di\u011fer mahallelerine yay\u0131lmay\u0131 hedefliyor. \u0130zmir B\u00fcy\u00fck\u015fehir Belediyesi \u0130tfaiye Dairesi Ba\u015fkanl\u0131\u011f\u0131 \u0130tfaiye Orman K\u00f6yleri ve K\u0131rsal Alan Yang\u0131nlar\u0131 M\u00fcdahale \u015eube&#8230;<\/p>\n","protected":false},"author":1,"featured_media":18246,"comment_status":"open","ping_status":"open","sticky":false,"template":"","format":"standard","meta":{"_crdt_document":"","footnotes":""},"categories":[5],"tags":[],"class_list":["post-18245","post","type-post","status-publish","format-standard","has-post-thumbnail","hentry","category-asayis"],"_links":{"self":[{"href":"https:\/\/www.egemtv.com\/index.php?rest_route=\/wp\/v2\/posts\/18245","targetHints":{"allow":["GET"]}}],"collection":[{"href":"https:\/\/www.egemtv.com\/index.php?rest_route=\/wp\/v2\/posts"}],"about":[{"href":"https:\/\/www.egemtv.com\/index.php?rest_route=\/wp\/v2\/types\/post"}],"author":[{"embeddable":true,"href":"https:\/\/www.egemtv.com\/index.php?rest_route=\/wp\/v2\/users\/1"}],"replies":[{"embeddable":true,"href":"https:\/\/www.egemtv.com\/index.php?rest_route=%2Fwp%2Fv2%2Fcomments&post=18245"}],"version-history":[{"count":1,"href":"https:\/\/www.egemtv.com\/index.php?rest_route=\/wp\/v2\/posts\/18245\/revisions"}],"predecessor-version":[{"id":18247,"href":"https:\/\/www.egemtv.com\/index.php?rest_route=\/wp\/v2\/posts\/18245\/revisions\/18247"}],"wp:featuredmedia":[{"embeddable":true,"href":"https:\/\/www.egemtv.com\/index.php?rest_route=\/wp\/v2\/media\/18246"}],"wp:attachment":[{"href":"https:\/\/www.egemtv.com\/index.php?rest_route=%2Fwp%2Fv2%2Fmedia&parent=18245"}],"wp:term":[{"taxonomy":"category","embeddable":true,"href":"https:\/\/www.egemtv.com\/index.php?rest_route=%2Fwp%2Fv2%2Fcategories&post=18245"},{"taxonomy":"post_tag","embeddable":true,"href":"https:\/\/www.egemtv.com\/index.php?rest_route=%2Fwp%2Fv2%2Ftags&post=18245"}],"curies":[{"name":"wp","href":"https:\/\/api.w.org\/{rel}","templated":true}]}}