{"id":18242,"date":"2025-02-13T09:28:12","date_gmt":"2025-02-13T06:28:12","guid":{"rendered":"https:\/\/www.egemtv.com\/?p=18242"},"modified":"2025-02-13T09:28:20","modified_gmt":"2025-02-13T06:28:20","slug":"mtk-koleji-basketbol-3x3te-genc-kizlar-ve-genc-erkekler-kupalari-kazandi","status":"publish","type":"post","link":"https:\/\/www.egemtv.com\/?p=18242","title":{"rendered":"MTK Koleji basketbol 3&#215;3\u2019te gen\u00e7 k\u0131zlar ve gen\u00e7 erkekler kupalar\u0131 kazand\u0131"},"content":{"rendered":"<p>Mu\u011fla okul sporlar\u0131 3X3 basketbol il m\u00fcsabakalar\u0131nda Mu\u011fla Teknoloji ve K\u00fclt\u00fcr Koleji (MTK) ba\u015far\u0131larla d\u00f6nd\u00fc.<br \/>\n<br \/>Mu\u011fla Teknoloji ve K\u00fclt\u00fcr Koleji Beden E\u011fitimi \u00d6\u011fretmeni ve Basketbol Antren\u00f6r\u00fc Nazan \u0130nan y\u00f6netimindeki \u2018Lise Gen\u00e7 K\u0131zlar 3X3 Basketbol Tak\u0131m\u0131\u2019 okul sporlar\u0131 m\u00fcsabakalar\u0131nda il ikincisi olurken, \u2018Lise Gen\u00e7 Erkekler 3X3 Basketbol Tak\u0131m\u0131\u2019 da yine okul sporlar\u0131 m\u00fcsabakalar\u0131nda il d\u00f6rd\u00fcnc\u00fcs\u00fc oldu.<br \/>\n<br \/>\u00d6\u011frencilerin okula madalya ve kupalarla d\u00f6nmesi b\u00fcy\u00fck sevin\u00e7 ya\u015fatt\u0131.<br \/><\/p>\n","protected":false},"excerpt":{"rendered":"<p>Mu\u011fla okul sporlar\u0131 3X3 basketbol il m\u00fcsabakalar\u0131nda Mu\u011fla Teknoloji ve K\u00fclt\u00fcr Koleji (MTK) ba\u015far\u0131larla d\u00f6nd\u00fc. Mu\u011fla Teknoloji ve K\u00fclt\u00fcr Koleji Beden E\u011fitimi \u00d6\u011fretmeni ve Basketbol Antren\u00f6r\u00fc Nazan \u0130nan y\u00f6netimindeki \u2018Lise Gen\u00e7 K\u0131zlar 3X3 Basketbol Tak\u0131m\u0131\u2019 okul sporlar\u0131 m\u00fcsabakalar\u0131nda il ikincisi olurken, \u2018Lise Gen\u00e7 Erkekler 3X3 Basketbol Tak\u0131m\u0131\u2019 da yine okul sporlar\u0131 m\u00fcsabakalar\u0131nda il d\u00f6rd\u00fcnc\u00fcs\u00fc oldu&#8230;.<\/p>\n","protected":false},"author":1,"featured_media":18243,"comment_status":"open","ping_status":"open","sticky":false,"template":"","format":"standard","meta":{"_crdt_document":"","footnotes":""},"categories":[4],"tags":[],"class_list":["post-18242","post","type-post","status-publish","format-standard","has-post-thumbnail","hentry","category-spor"],"_links":{"self":[{"href":"https:\/\/www.egemtv.com\/index.php?rest_route=\/wp\/v2\/posts\/18242","targetHints":{"allow":["GET"]}}],"collection":[{"href":"https:\/\/www.egemtv.com\/index.php?rest_route=\/wp\/v2\/posts"}],"about":[{"href":"https:\/\/www.egemtv.com\/index.php?rest_route=\/wp\/v2\/types\/post"}],"author":[{"embeddable":true,"href":"https:\/\/www.egemtv.com\/index.php?rest_route=\/wp\/v2\/users\/1"}],"replies":[{"embeddable":true,"href":"https:\/\/www.egemtv.com\/index.php?rest_route=%2Fwp%2Fv2%2Fcomments&post=18242"}],"version-history":[{"count":1,"href":"https:\/\/www.egemtv.com\/index.php?rest_route=\/wp\/v2\/posts\/18242\/revisions"}],"predecessor-version":[{"id":18244,"href":"https:\/\/www.egemtv.com\/index.php?rest_route=\/wp\/v2\/posts\/18242\/revisions\/18244"}],"wp:featuredmedia":[{"embeddable":true,"href":"https:\/\/www.egemtv.com\/index.php?rest_route=\/wp\/v2\/media\/18243"}],"wp:attachment":[{"href":"https:\/\/www.egemtv.com\/index.php?rest_route=%2Fwp%2Fv2%2Fmedia&parent=18242"}],"wp:term":[{"taxonomy":"category","embeddable":true,"href":"https:\/\/www.egemtv.com\/index.php?rest_route=%2Fwp%2Fv2%2Fcategories&post=18242"},{"taxonomy":"post_tag","embeddable":true,"href":"https:\/\/www.egemtv.com\/index.php?rest_route=%2Fwp%2Fv2%2Ftags&post=18242"}],"curies":[{"name":"wp","href":"https:\/\/api.w.org\/{rel}","templated":true}]}}