{"id":18239,"date":"2025-02-13T09:27:38","date_gmt":"2025-02-13T06:27:38","guid":{"rendered":"https:\/\/www.egemtv.com\/?p=18239"},"modified":"2025-02-13T09:27:43","modified_gmt":"2025-02-13T06:27:43","slug":"baskan-tatiktan-tavas-belediyesi-calisanlarina-promosyon-mujdesi","status":"publish","type":"post","link":"https:\/\/www.egemtv.com\/?p=18239","title":{"rendered":"Ba\u015fkan Tat\u0131k\u2019tan Tavas Belediyesi \u00e7al\u0131\u015fanlar\u0131na promosyon m\u00fcjdesi"},"content":{"rendered":"<p>Tavas Belediyesi, \u00e7al\u0131\u015fanlar\u0131n\u0131n mali haklar\u0131n\u0131 iyile\u015ftirme ve ekonomik refahlar\u0131n\u0131 art\u0131rma amac\u0131yla \u00f6nemli bir ad\u0131m daha att\u0131. Belediye personelinin maa\u015f \u00f6demelerinin yap\u0131laca\u011f\u0131 bankan\u0131n belirlenmesi i\u00e7in 7 bankan\u0131n kat\u0131l\u0131m\u0131yla ger\u00e7ekle\u015ftirilen ihale sonu\u00e7land\u0131. \u0130hale kapsam\u0131nda en y\u00fcksek teklifi veren Halk Bankas\u0131, 59 bin TL \u00f6deme taahh\u00fcd\u00fcnde bulunarak s\u00fcreci ba\u015far\u0131yla tamamlad\u0131.<\/p>\n<p>Tavas Belediye Ba\u015fkan\u0131 Kadir Tat\u0131k, Tavas Belediyesinde a\u00e7\u0131k art\u0131rma usul\u00fcyle ger\u00e7ekle\u015ftirilen banka promosyon ihalesinde, en y\u00fcksek teklifi veren Halk Bankas\u0131 \u015eube M\u00fcd\u00fcr\u00fc Onur Ulup\u0131nar ile birlikte 3 y\u0131l\u0131 kapsayan s\u00f6zle\u015fmeyi imzalad\u0131.<\/p>\n<p>Konuya ili\u015fkin a\u00e7\u0131klamada bulunan Tavas Belediye Ba\u015fkan\u0131 Kadir Tat\u0131k, belediye personelinin haklar\u0131n\u0131 g\u00f6zetmenin ve onlara ekonomik anlamda katk\u0131 sa\u011flaman\u0131n belediye y\u00f6netimi a\u00e7\u0131s\u0131ndan b\u00fcy\u00fck bir sorumluluk oldu\u011funa vurgu yapt\u0131. Ba\u015fkan Tat\u0131k, &#8220;Belediyemizde g\u00f6rev yapan t\u00fcm personelimiz, il\u00e7emize hizmet noktas\u0131nda b\u00fcy\u00fck bir \u00f6zveriyle \u00e7al\u0131\u015fmaktad\u0131r. \u00c7al\u0131\u015fanlar\u0131m\u0131z\u0131n daha iyi \u015fartlarda hizmet vermesi ve ekonomik olarak desteklenmesi bizim \u00f6nceli\u011fimizdir. Yap\u0131lan ihale sonucunda en y\u00fcksek teklifi veren bankan\u0131n belirlenmesiyle birlikte, personelimizin sosyal ve ekonomik a\u00e7\u0131dan daha iyi imk\u00e2nlara sahip olmas\u0131na katk\u0131 sa\u011flad\u0131k. Bu t\u00fcr anla\u015fmalar, sadece belediyemiz i\u00e7in de\u011fil, \u00e7al\u0131\u015fanlar\u0131m\u0131z ve dolay\u0131s\u0131yla aileleri i\u00e7in de \u00f6nemli bir kazan\u0131md\u0131r. Tavas Belediyesi, personelinin haklar\u0131n\u0131 g\u00f6zeterek, \u00e7al\u0131\u015fma \u015fartlar\u0131n\u0131 iyile\u015ftirmek ad\u0131na benzer \u00e7al\u0131\u015fmalar y\u00fcr\u00fctmeye devam edecek olup, sosyal haklar ve mali kazan\u0131mlar konusunda \u00e7al\u0131\u015fanlar\u0131n\u0131n yan\u0131nda olmay\u0131 s\u00fcrd\u00fcrecektir&#8221; diye konu\u015ftu.<br \/><\/p>\n","protected":false},"excerpt":{"rendered":"<p>Tavas Belediyesi, \u00e7al\u0131\u015fanlar\u0131n\u0131n mali haklar\u0131n\u0131 iyile\u015ftirme ve ekonomik refahlar\u0131n\u0131 art\u0131rma amac\u0131yla \u00f6nemli bir ad\u0131m daha att\u0131. Belediye personelinin maa\u015f \u00f6demelerinin yap\u0131laca\u011f\u0131 bankan\u0131n belirlenmesi i\u00e7in 7 bankan\u0131n kat\u0131l\u0131m\u0131yla ger\u00e7ekle\u015ftirilen ihale sonu\u00e7land\u0131. \u0130hale kapsam\u0131nda en y\u00fcksek teklifi veren Halk Bankas\u0131, 59 bin TL \u00f6deme taahh\u00fcd\u00fcnde bulunarak s\u00fcreci ba\u015far\u0131yla tamamlad\u0131. Tavas Belediye Ba\u015fkan\u0131 Kadir Tat\u0131k, Tavas Belediyesinde a\u00e7\u0131k&#8230;<\/p>\n","protected":false},"author":1,"featured_media":18240,"comment_status":"open","ping_status":"open","sticky":false,"template":"","format":"standard","meta":{"_crdt_document":"","footnotes":""},"categories":[125],"tags":[],"class_list":["post-18239","post","type-post","status-publish","format-standard","has-post-thumbnail","hentry","category-ekonomi"],"_links":{"self":[{"href":"https:\/\/www.egemtv.com\/index.php?rest_route=\/wp\/v2\/posts\/18239","targetHints":{"allow":["GET"]}}],"collection":[{"href":"https:\/\/www.egemtv.com\/index.php?rest_route=\/wp\/v2\/posts"}],"about":[{"href":"https:\/\/www.egemtv.com\/index.php?rest_route=\/wp\/v2\/types\/post"}],"author":[{"embeddable":true,"href":"https:\/\/www.egemtv.com\/index.php?rest_route=\/wp\/v2\/users\/1"}],"replies":[{"embeddable":true,"href":"https:\/\/www.egemtv.com\/index.php?rest_route=%2Fwp%2Fv2%2Fcomments&post=18239"}],"version-history":[{"count":1,"href":"https:\/\/www.egemtv.com\/index.php?rest_route=\/wp\/v2\/posts\/18239\/revisions"}],"predecessor-version":[{"id":18241,"href":"https:\/\/www.egemtv.com\/index.php?rest_route=\/wp\/v2\/posts\/18239\/revisions\/18241"}],"wp:featuredmedia":[{"embeddable":true,"href":"https:\/\/www.egemtv.com\/index.php?rest_route=\/wp\/v2\/media\/18240"}],"wp:attachment":[{"href":"https:\/\/www.egemtv.com\/index.php?rest_route=%2Fwp%2Fv2%2Fmedia&parent=18239"}],"wp:term":[{"taxonomy":"category","embeddable":true,"href":"https:\/\/www.egemtv.com\/index.php?rest_route=%2Fwp%2Fv2%2Fcategories&post=18239"},{"taxonomy":"post_tag","embeddable":true,"href":"https:\/\/www.egemtv.com\/index.php?rest_route=%2Fwp%2Fv2%2Ftags&post=18239"}],"curies":[{"name":"wp","href":"https:\/\/api.w.org\/{rel}","templated":true}]}}