{"id":18236,"date":"2025-02-13T09:23:31","date_gmt":"2025-02-13T06:23:31","guid":{"rendered":"https:\/\/www.egemtv.com\/?p=18236"},"modified":"2025-02-13T09:23:36","modified_gmt":"2025-02-13T06:23:36","slug":"kutahyada-sahte-alkol-ve-sigara-operasyonu-2-kisi-tutuklandi","status":"publish","type":"post","link":"https:\/\/www.egemtv.com\/?p=18236","title":{"rendered":"K\u00fctahya\u2019da sahte alkol ve sigara operasyonu: 2 ki\u015fi tutukland\u0131"},"content":{"rendered":"<p>K\u00fctahya\u2019n\u0131n Tav\u015fanl\u0131 il\u00e7esinde KOM \u015eube M\u00fcd\u00fcrl\u00fc\u011f\u00fc ve Tav\u015fanl\u0131 \u0130l\u00e7e Emniyet M\u00fcd\u00fcrl\u00fc\u011f\u00fc\u2019n\u00fcn ortak \u00e7al\u0131\u015fmas\u0131yla sahte alkol ve sigara ka\u00e7ak\u00e7\u0131l\u0131\u011f\u0131 operasyonu ger\u00e7ekle\u015ftirildi, yakalanan 2 \u015f\u00fcpheli tutukland\u0131.<br \/>\n<br \/>K\u00fctahya KOM \u015eube M\u00fcd\u00fcrl\u00fc\u011f\u00fc g\u00f6revlilerince K\u00fctahya Tav\u015fanl\u0131 il\u00e7esinde sahte alkol su\u00e7unun \u00f6nlenmesine y\u00f6nelik olarak yap\u0131lan \u00e7al\u0131\u015fmalar \u00e7er\u00e7evesinde Tav\u015fanl\u0131 il\u00e7e merkezinde bulunan N.B ve F.B isimli \u015f\u00fcpheli \u015fah\u0131slara ait 3 ikamette ve ikametin m\u00fc\u015ftemilat\u0131nda KOM \u015eube M\u00fcd\u00fcrl\u00fc\u011f\u00fc ve Tav\u015fanl\u0131 \u0130l\u00e7e Emniyet M\u00fcd\u00fcrl\u00fc\u011f\u00fc g\u00f6revlileri taraf\u0131ndan yap\u0131lan arama i\u015flemi sonucunda, 13,75 litre alkol,10 bin 300 adet dolu ve bo\u015f makaron, 19 paket g\u00fcmr\u00fck ka\u00e7a\u011f\u0131 sigara, 13 adet muhtelif ara\u00e7lara ait plaka, 6 adet muhtelif ara\u00e7lara ait ara\u00e7 ruhsat\u0131, 27 adet karton alkol kutusu, 183 adet sahte bandrol, 5 adet muhtelif ara\u00e7lara ait ara\u00e7 \u015fasesi, 84 adet alkol kapa\u011f\u0131 kapama aparat\u0131, 25 adet \u015feffaf alkol saklama kab\u0131, 51 adet farkl\u0131 aromalarda alkol kiti, 275 adet bo\u015f alkol \u015fi\u015fesi, 49 par\u00e7a \u00e7al\u0131nt\u0131 oldu\u011fu de\u011ferlendirilen ara\u00e7 par\u00e7as\u0131, 2 adet ruhsats\u0131z tabanca, 1 adet \u015farj\u00f6r ve 1 adet kayd\u0131 bulunmayan motosiklet ele ge\u00e7irildi.<br \/>\n<br \/>G\u00f6zalt\u0131na al\u0131nan \u015f\u00fcpheli \u015fah\u0131slar emniyetteki i\u015flemlerinin ard\u0131ndan \u00e7\u0131kart\u0131ld\u0131klar\u0131 mahkemece tutukland\u0131.<br \/><\/p>\n","protected":false},"excerpt":{"rendered":"<p>K\u00fctahya\u2019n\u0131n Tav\u015fanl\u0131 il\u00e7esinde KOM \u015eube M\u00fcd\u00fcrl\u00fc\u011f\u00fc ve Tav\u015fanl\u0131 \u0130l\u00e7e Emniyet M\u00fcd\u00fcrl\u00fc\u011f\u00fc\u2019n\u00fcn ortak \u00e7al\u0131\u015fmas\u0131yla sahte alkol ve sigara ka\u00e7ak\u00e7\u0131l\u0131\u011f\u0131 operasyonu ger\u00e7ekle\u015ftirildi, yakalanan 2 \u015f\u00fcpheli tutukland\u0131. K\u00fctahya KOM \u015eube M\u00fcd\u00fcrl\u00fc\u011f\u00fc g\u00f6revlilerince K\u00fctahya Tav\u015fanl\u0131 il\u00e7esinde sahte alkol su\u00e7unun \u00f6nlenmesine y\u00f6nelik olarak yap\u0131lan \u00e7al\u0131\u015fmalar \u00e7er\u00e7evesinde Tav\u015fanl\u0131 il\u00e7e merkezinde bulunan N.B ve F.B isimli \u015f\u00fcpheli \u015fah\u0131slara ait 3 ikamette ve&#8230;<\/p>\n","protected":false},"author":1,"featured_media":18237,"comment_status":"open","ping_status":"open","sticky":false,"template":"","format":"standard","meta":{"_crdt_document":"","footnotes":""},"categories":[1],"tags":[],"class_list":["post-18236","post","type-post","status-publish","format-standard","has-post-thumbnail","hentry","category-guncel"],"_links":{"self":[{"href":"https:\/\/www.egemtv.com\/index.php?rest_route=\/wp\/v2\/posts\/18236","targetHints":{"allow":["GET"]}}],"collection":[{"href":"https:\/\/www.egemtv.com\/index.php?rest_route=\/wp\/v2\/posts"}],"about":[{"href":"https:\/\/www.egemtv.com\/index.php?rest_route=\/wp\/v2\/types\/post"}],"author":[{"embeddable":true,"href":"https:\/\/www.egemtv.com\/index.php?rest_route=\/wp\/v2\/users\/1"}],"replies":[{"embeddable":true,"href":"https:\/\/www.egemtv.com\/index.php?rest_route=%2Fwp%2Fv2%2Fcomments&post=18236"}],"version-history":[{"count":1,"href":"https:\/\/www.egemtv.com\/index.php?rest_route=\/wp\/v2\/posts\/18236\/revisions"}],"predecessor-version":[{"id":18238,"href":"https:\/\/www.egemtv.com\/index.php?rest_route=\/wp\/v2\/posts\/18236\/revisions\/18238"}],"wp:featuredmedia":[{"embeddable":true,"href":"https:\/\/www.egemtv.com\/index.php?rest_route=\/wp\/v2\/media\/18237"}],"wp:attachment":[{"href":"https:\/\/www.egemtv.com\/index.php?rest_route=%2Fwp%2Fv2%2Fmedia&parent=18236"}],"wp:term":[{"taxonomy":"category","embeddable":true,"href":"https:\/\/www.egemtv.com\/index.php?rest_route=%2Fwp%2Fv2%2Fcategories&post=18236"},{"taxonomy":"post_tag","embeddable":true,"href":"https:\/\/www.egemtv.com\/index.php?rest_route=%2Fwp%2Fv2%2Ftags&post=18236"}],"curies":[{"name":"wp","href":"https:\/\/api.w.org\/{rel}","templated":true}]}}