{"id":18233,"date":"2025-02-13T09:18:52","date_gmt":"2025-02-13T06:18:52","guid":{"rendered":"https:\/\/www.egemtv.com\/?p=18233"},"modified":"2025-02-13T09:19:00","modified_gmt":"2025-02-13T06:19:00","slug":"gedik-pilic-ihracatta-ege-bolgesi-dorduncusu-oldu","status":"publish","type":"post","link":"https:\/\/www.egemtv.com\/?p=18233","title":{"rendered":"Gedik Pili\u00e7 ihracatta Ege B\u00f6lgesi d\u00f6rd\u00fcnc\u00fcs\u00fc oldu"},"content":{"rendered":"<p>Kanatl\u0131 sekt\u00f6r\u00fcn\u00fcn rekortmen markas\u0131 Gedik Pili\u00e7, Ege Su \u00dcr\u00fcnleri ve Hayvansal Mamuller \u0130hracat verilerine g\u00f6re 2024 y\u0131l\u0131nda ger\u00e7ekle\u015ftirdi\u011fi ihracat ile Ege B\u00f6lgesi d\u00f6rd\u00fcnc\u00fcs\u00fc oldu.<\/p>\n<p>Ege \u0130hracat\u00e7\u0131 Birlikleri taraf\u0131ndan ger\u00e7ekle\u015ftirilen &#8220;Ege \u0130\u015f D\u00fcnyas\u0131 Bulu\u015fmalar\u0131&#8221;, Y\u00f6netim Kurulu Ba\u015fkan\u0131 Selim Kandemir ev sahipli\u011finde U\u015fak Ticaret ve Sanayi Odas\u0131\u2019nda ger\u00e7ekle\u015fti.  Ege \u0130hracat\u00e7\u0131 Birlikleri Genel Sekreteri \u0130. Cumhur \u0130\u015fb\u0131rakmaz ve Ege \u0130hracat\u00e7\u0131 Birlikleri Devlet Yard\u0131mlar\u0131 \u015eubesi uzmanlar\u0131 taraf\u0131ndan Ticaret Bakanl\u0131\u011f\u0131\u2019n\u0131n ihracat\u00e7\u0131lara sa\u011flad\u0131\u011f\u0131 ihracat destekleriyle ilgili U\u015fakl\u0131 firmalar\u0131na sunum yapt\u0131klar\u0131 toplant\u0131 sonunda U\u015fak\u2019ta yerle\u015fik, 20 y\u0131l\u0131 a\u015fk\u0131n s\u00fcredir ihracat yapan 20 firmaya \u00f6d\u00fclleri verildi.<\/p>\n<p>Ege Su \u00dcr\u00fcnleri ve Hayvansal Mamuller \u0130hracat verilerine g\u00f6re 2024 y\u0131l\u0131nda ger\u00e7ekle\u015ftirdi\u011fi ihracat ile Ege B\u00f6lgesi d\u00f6rd\u00fcnc\u00fcs\u00fc olan Gedik Pili\u00e7 de 20 y\u0131l\u0131 a\u015fk\u0131n s\u00fcredir ihracat yapan bir U\u015fak firmas\u0131 olarak \u00f6d\u00fcl\u00fcn\u00fc ald\u0131.<\/p>\n<p>Ege \u0130\u015f D\u00fcnyas\u0131 U\u015fak Toplant\u0131s\u0131 sonunda Ege Su \u00dcr\u00fcnleri ve Hayvansal Mamuller \u0130hracat\u00e7\u0131lar\u0131 Birli\u011fi ve Ege \u0130hracat\u00e7\u0131 Birlikleri heyeti, Gedik Pili\u00e7 firmas\u0131n\u0131 ziyaret ederek Gedik Pili\u00e7 Y\u00f6netim Kurulu Ba\u015fkan\u0131 Osman Gedik\u2019ten hem firman\u0131n faaliyetleri hem de \u00fcretim tesisleri hakk\u0131nda bilgi ald\u0131.<\/p>\n<p>Ege Su \u00dcr\u00fcnleri ve Hayvansal Mamuller \u0130hracat\u00e7\u0131lar\u0131 Birli\u011fi Ba\u015fkan\u0131 Bedri Girit ve Ege \u0130hracat\u00e7\u0131 Birlikleri Genel Sekreteri \u0130. Cumhur \u0130\u015fb\u0131rakmaz, T\u00fcrkiye kanatl\u0131 sekt\u00f6r\u00fcn\u00fcn \u00f6nc\u00fc firmalar\u0131ndan olan ve U\u015fak iline ba\u011fl\u0131 E\u015fme il\u00e7esinde 3 bin 500 ki\u015fiye do\u011frudan istihdam sa\u011flayan Gedik Pili\u00e7\u2019in Ege B\u00f6lgesi ve U\u015fak iline yapt\u0131\u011f\u0131 de\u011ferli katk\u0131lardan dolay\u0131 Osman Gedik\u2019e te\u015fekk\u00fcr belgesi takdim ederek, ba\u015far\u0131lar\u0131n\u0131n devam\u0131n\u0131 diledi.<br \/><\/p>\n","protected":false},"excerpt":{"rendered":"<p>Kanatl\u0131 sekt\u00f6r\u00fcn\u00fcn rekortmen markas\u0131 Gedik Pili\u00e7, Ege Su \u00dcr\u00fcnleri ve Hayvansal Mamuller \u0130hracat verilerine g\u00f6re 2024 y\u0131l\u0131nda ger\u00e7ekle\u015ftirdi\u011fi ihracat ile Ege B\u00f6lgesi d\u00f6rd\u00fcnc\u00fcs\u00fc oldu. Ege \u0130hracat\u00e7\u0131 Birlikleri taraf\u0131ndan ger\u00e7ekle\u015ftirilen &#8220;Ege \u0130\u015f D\u00fcnyas\u0131 Bulu\u015fmalar\u0131&#8221;, Y\u00f6netim Kurulu Ba\u015fkan\u0131 Selim Kandemir ev sahipli\u011finde U\u015fak Ticaret ve Sanayi Odas\u0131\u2019nda ger\u00e7ekle\u015fti. Ege \u0130hracat\u00e7\u0131 Birlikleri Genel Sekreteri \u0130. Cumhur \u0130\u015fb\u0131rakmaz ve&#8230;<\/p>\n","protected":false},"author":1,"featured_media":18234,"comment_status":"open","ping_status":"open","sticky":false,"template":"","format":"standard","meta":{"_crdt_document":"","footnotes":""},"categories":[125],"tags":[],"class_list":["post-18233","post","type-post","status-publish","format-standard","has-post-thumbnail","hentry","category-ekonomi"],"_links":{"self":[{"href":"https:\/\/www.egemtv.com\/index.php?rest_route=\/wp\/v2\/posts\/18233","targetHints":{"allow":["GET"]}}],"collection":[{"href":"https:\/\/www.egemtv.com\/index.php?rest_route=\/wp\/v2\/posts"}],"about":[{"href":"https:\/\/www.egemtv.com\/index.php?rest_route=\/wp\/v2\/types\/post"}],"author":[{"embeddable":true,"href":"https:\/\/www.egemtv.com\/index.php?rest_route=\/wp\/v2\/users\/1"}],"replies":[{"embeddable":true,"href":"https:\/\/www.egemtv.com\/index.php?rest_route=%2Fwp%2Fv2%2Fcomments&post=18233"}],"version-history":[{"count":1,"href":"https:\/\/www.egemtv.com\/index.php?rest_route=\/wp\/v2\/posts\/18233\/revisions"}],"predecessor-version":[{"id":18235,"href":"https:\/\/www.egemtv.com\/index.php?rest_route=\/wp\/v2\/posts\/18233\/revisions\/18235"}],"wp:featuredmedia":[{"embeddable":true,"href":"https:\/\/www.egemtv.com\/index.php?rest_route=\/wp\/v2\/media\/18234"}],"wp:attachment":[{"href":"https:\/\/www.egemtv.com\/index.php?rest_route=%2Fwp%2Fv2%2Fmedia&parent=18233"}],"wp:term":[{"taxonomy":"category","embeddable":true,"href":"https:\/\/www.egemtv.com\/index.php?rest_route=%2Fwp%2Fv2%2Fcategories&post=18233"},{"taxonomy":"post_tag","embeddable":true,"href":"https:\/\/www.egemtv.com\/index.php?rest_route=%2Fwp%2Fv2%2Ftags&post=18233"}],"curies":[{"name":"wp","href":"https:\/\/api.w.org\/{rel}","templated":true}]}}