{"id":18230,"date":"2025-02-13T08:51:35","date_gmt":"2025-02-13T05:51:35","guid":{"rendered":"https:\/\/www.egemtv.com\/?p=18230"},"modified":"2025-02-13T08:51:40","modified_gmt":"2025-02-13T05:51:40","slug":"sarigollu-guresciler-madalyalari-topladi","status":"publish","type":"post","link":"https:\/\/www.egemtv.com\/?p=18230","title":{"rendered":"Sar\u0131g\u00f6ll\u00fc g\u00fcre\u015f\u00e7iler madalyalar\u0131 toplad\u0131"},"content":{"rendered":"<p>Manisa\u2019da d\u00fczenlenen okullar aras\u0131 g\u00fcre\u015f m\u00fcsabakas\u0131nda Sar\u0131g\u00f6ll\u00fc \u00f6\u011frenciler il\u00e7elerine madalyalarla d\u00f6nd\u00fc.<br \/>\n<br \/>Manisa\u2019n\u0131n Yunusemre il\u00e7esindeki Muradiye Spor Salonda yap\u0131lan okullar aras\u0131 g\u00fcre\u015f m\u00fcsabakalar\u0131 \u00e7eki\u015fmeli kar\u015f\u0131la\u015fmalara sahne oldu.<br \/>\n<br \/>M\u00fcsabakaya kat\u0131lan Sar\u0131g\u00f6l Mustafa Metin \u0130mam-Hatip Ortaokulu ve Sar\u0131g\u00f6l Atat\u00fcrk Ortaokulu sporcular\u0131 il\u00e7elerine madalyalarla d\u00f6nd\u00fc.<br \/>\n<br \/>Sar\u0131g\u00f6l Mustafa Metin \u0130mam-Hatip Ortaokulu M\u00fcd\u00fcr\u00fc Veysel \u00c7etin, &#8220;Okul sporlar\u0131 kapsam\u0131nda Manisa Muradiye Spor Salonu\u2019nda yap\u0131lan Y\u0131ld\u0131z Erkekler Serbest G\u00fcre\u015f M\u00fcsabakas\u0131nda, Mustafa Metin \u0130mam Hatip Ortaokulundan, Ahmet Mazhar H\u00f6rlek 34 kilogramda birinci, Ahmet Can S\u00f6nmez 58 kilogramda birinci, Yavuz Koca 44 kilogramda ikinci, Sezai G\u00fczel 48 kilogramda ikinci, H\u00fcseyin Ak\u00e7akaya 57 kilogramda il \u00fc\u00e7\u00fcnc\u00fcs\u00fc oldu. Atat\u00fcrk Ortaokulundan 41 kilogramda Alper \u00c7ift\u00e7i, 61 kilogramda Durmu\u015f Ali Mert il birincisi olmu\u015ftur. Toplamda 4 alt\u0131n madalya, 2 g\u00fcm\u00fc\u015f madalya, 1 bronz madalya kazand\u0131k. Eme\u011fi ge\u00e7enlere ve \u00f6\u011frencilerimize te\u015fekk\u00fcr ederim.&#8221; dedi.<\/p>\n<p>&#8220;Gurur duyduk&#8221;<br \/>\n<br \/>Sar\u0131g\u00f6l \u0130l\u00e7e Milli E\u011fitim M\u00fcd\u00fcr\u00fc Cezmi Y\u0131ld\u0131rak, &#8220;Manisa\u2019da yap\u0131lan Y\u0131ld\u0131z Erkekler Serbest G\u00fcre\u015f m\u00fcsabakalar\u0131nda il\u00e7emize \u00e7e\u015fitli kilolarda 7 madalya kazand\u0131ran ayr\u0131ca Mustafa Metin \u0130mam Hatip Ortaokulu 90 pozitif puan alarak tak\u0131m halinde il birincisi olmu\u015ftur. Sporcu \u00f6\u011frencilerimize ve eme\u011fi ge\u00e7enlere te\u015fekk\u00fcr ederim. \u0130l\u00e7emizi en g\u00fczel \u015fekilde temsil etmeleri bizleri gururland\u0131rd\u0131.&#8221; dedi.<br \/><\/p>\n","protected":false},"excerpt":{"rendered":"<p>Manisa\u2019da d\u00fczenlenen okullar aras\u0131 g\u00fcre\u015f m\u00fcsabakas\u0131nda Sar\u0131g\u00f6ll\u00fc \u00f6\u011frenciler il\u00e7elerine madalyalarla d\u00f6nd\u00fc. Manisa\u2019n\u0131n Yunusemre il\u00e7esindeki Muradiye Spor Salonda yap\u0131lan okullar aras\u0131 g\u00fcre\u015f m\u00fcsabakalar\u0131 \u00e7eki\u015fmeli kar\u015f\u0131la\u015fmalara sahne oldu. M\u00fcsabakaya kat\u0131lan Sar\u0131g\u00f6l Mustafa Metin \u0130mam-Hatip Ortaokulu ve Sar\u0131g\u00f6l Atat\u00fcrk Ortaokulu sporcular\u0131 il\u00e7elerine madalyalarla d\u00f6nd\u00fc. Sar\u0131g\u00f6l Mustafa Metin \u0130mam-Hatip Ortaokulu M\u00fcd\u00fcr\u00fc Veysel \u00c7etin, &#8220;Okul sporlar\u0131 kapsam\u0131nda Manisa Muradiye Spor&#8230;<\/p>\n","protected":false},"author":1,"featured_media":18231,"comment_status":"open","ping_status":"open","sticky":false,"template":"","format":"standard","meta":{"_crdt_document":"","footnotes":""},"categories":[4],"tags":[],"class_list":["post-18230","post","type-post","status-publish","format-standard","has-post-thumbnail","hentry","category-spor"],"_links":{"self":[{"href":"https:\/\/www.egemtv.com\/index.php?rest_route=\/wp\/v2\/posts\/18230","targetHints":{"allow":["GET"]}}],"collection":[{"href":"https:\/\/www.egemtv.com\/index.php?rest_route=\/wp\/v2\/posts"}],"about":[{"href":"https:\/\/www.egemtv.com\/index.php?rest_route=\/wp\/v2\/types\/post"}],"author":[{"embeddable":true,"href":"https:\/\/www.egemtv.com\/index.php?rest_route=\/wp\/v2\/users\/1"}],"replies":[{"embeddable":true,"href":"https:\/\/www.egemtv.com\/index.php?rest_route=%2Fwp%2Fv2%2Fcomments&post=18230"}],"version-history":[{"count":1,"href":"https:\/\/www.egemtv.com\/index.php?rest_route=\/wp\/v2\/posts\/18230\/revisions"}],"predecessor-version":[{"id":18232,"href":"https:\/\/www.egemtv.com\/index.php?rest_route=\/wp\/v2\/posts\/18230\/revisions\/18232"}],"wp:featuredmedia":[{"embeddable":true,"href":"https:\/\/www.egemtv.com\/index.php?rest_route=\/wp\/v2\/media\/18231"}],"wp:attachment":[{"href":"https:\/\/www.egemtv.com\/index.php?rest_route=%2Fwp%2Fv2%2Fmedia&parent=18230"}],"wp:term":[{"taxonomy":"category","embeddable":true,"href":"https:\/\/www.egemtv.com\/index.php?rest_route=%2Fwp%2Fv2%2Fcategories&post=18230"},{"taxonomy":"post_tag","embeddable":true,"href":"https:\/\/www.egemtv.com\/index.php?rest_route=%2Fwp%2Fv2%2Ftags&post=18230"}],"curies":[{"name":"wp","href":"https:\/\/api.w.org\/{rel}","templated":true}]}}