{"id":18227,"date":"2025-02-13T08:51:30","date_gmt":"2025-02-13T05:51:30","guid":{"rendered":"https:\/\/www.egemtv.com\/?p=18227"},"modified":"2025-02-13T08:51:35","modified_gmt":"2025-02-13T05:51:35","slug":"ogrencilerin-yks-ucretlerini-kaymakamlik-karsilayacak","status":"publish","type":"post","link":"https:\/\/www.egemtv.com\/?p=18227","title":{"rendered":"\u00d6\u011frencilerin YKS \u00fccretlerini kaymakaml\u0131k kar\u015f\u0131layacak"},"content":{"rendered":"<p>Manisa\u2019n\u0131n Selendi il\u00e7esinde 3294 Say\u0131l\u0131 Kanun Kapsam\u0131nda bulunan \u00f6\u011frencilerin 2025 YKS \u00fccretlerinin Selendi Kaymakaml\u0131\u011f\u0131 taraf\u0131ndan kar\u015f\u0131lanaca\u011f\u0131 bildirildi.<br \/>\n<br \/>Selendi il\u00e7esinde, 2025 Y\u00fcksek\u00f6\u011fretim Kurumlar\u0131 (YKS) S\u0131nav\u0131 i\u00e7in 3294 say\u0131l\u0131 kanun kapsam\u0131nda bulunan \u00f6\u011frencilerin ba\u015fvuru \u00fccreti Selendi Kaymakaml\u0131\u011f\u0131 Sosyal Yard\u0131mla\u015fma ve Dayan\u0131\u015fma Vakf\u0131 taraf\u0131ndan kar\u015f\u0131lanacak.<br \/>\n<br \/>Selendi Kaymakam\u0131 Tar\u0131k Safa Kahveci, &#8220;\u0130l\u00e7emiz genelinde ikamet eden Y\u00fcksek\u00f6\u011fretim Kurumlar\u0131 S\u0131nav\u0131\u2019na girecek 3294 Say\u0131l\u0131 Kanun kapsam\u0131nda olan \u00f6\u011frencilerin ba\u015fvuru \u00fccreti Kaymakaml\u0131\u011f\u0131m\u0131z Sosyal Yard\u0131mla\u015fma ve Dayan\u0131\u015fma Vakf\u0131 taraf\u0131ndan kar\u015f\u0131lanacak. Kanun kapsam\u0131nda bulunan \u00f6\u011frencilerimizin vakfa ba\u015fvuru yapmas\u0131 gerekiyor. \u00d6\u011frencilerimize \u015fimdiden ba\u015far\u0131lar diliyorum.&#8221; dedi.<br \/><\/p>\n","protected":false},"excerpt":{"rendered":"<p>Manisa\u2019n\u0131n Selendi il\u00e7esinde 3294 Say\u0131l\u0131 Kanun Kapsam\u0131nda bulunan \u00f6\u011frencilerin 2025 YKS \u00fccretlerinin Selendi Kaymakaml\u0131\u011f\u0131 taraf\u0131ndan kar\u015f\u0131lanaca\u011f\u0131 bildirildi. Selendi il\u00e7esinde, 2025 Y\u00fcksek\u00f6\u011fretim Kurumlar\u0131 (YKS) S\u0131nav\u0131 i\u00e7in 3294 say\u0131l\u0131 kanun kapsam\u0131nda bulunan \u00f6\u011frencilerin ba\u015fvuru \u00fccreti Selendi Kaymakaml\u0131\u011f\u0131 Sosyal Yard\u0131mla\u015fma ve Dayan\u0131\u015fma Vakf\u0131 taraf\u0131ndan kar\u015f\u0131lanacak. Selendi Kaymakam\u0131 Tar\u0131k Safa Kahveci, &#8220;\u0130l\u00e7emiz genelinde ikamet eden Y\u00fcksek\u00f6\u011fretim Kurumlar\u0131 S\u0131nav\u0131\u2019na girecek&#8230;<\/p>\n","protected":false},"author":1,"featured_media":18228,"comment_status":"open","ping_status":"open","sticky":false,"template":"","format":"standard","meta":{"_crdt_document":"","footnotes":""},"categories":[1],"tags":[],"class_list":["post-18227","post","type-post","status-publish","format-standard","has-post-thumbnail","hentry","category-guncel"],"_links":{"self":[{"href":"https:\/\/www.egemtv.com\/index.php?rest_route=\/wp\/v2\/posts\/18227","targetHints":{"allow":["GET"]}}],"collection":[{"href":"https:\/\/www.egemtv.com\/index.php?rest_route=\/wp\/v2\/posts"}],"about":[{"href":"https:\/\/www.egemtv.com\/index.php?rest_route=\/wp\/v2\/types\/post"}],"author":[{"embeddable":true,"href":"https:\/\/www.egemtv.com\/index.php?rest_route=\/wp\/v2\/users\/1"}],"replies":[{"embeddable":true,"href":"https:\/\/www.egemtv.com\/index.php?rest_route=%2Fwp%2Fv2%2Fcomments&post=18227"}],"version-history":[{"count":1,"href":"https:\/\/www.egemtv.com\/index.php?rest_route=\/wp\/v2\/posts\/18227\/revisions"}],"predecessor-version":[{"id":18229,"href":"https:\/\/www.egemtv.com\/index.php?rest_route=\/wp\/v2\/posts\/18227\/revisions\/18229"}],"wp:featuredmedia":[{"embeddable":true,"href":"https:\/\/www.egemtv.com\/index.php?rest_route=\/wp\/v2\/media\/18228"}],"wp:attachment":[{"href":"https:\/\/www.egemtv.com\/index.php?rest_route=%2Fwp%2Fv2%2Fmedia&parent=18227"}],"wp:term":[{"taxonomy":"category","embeddable":true,"href":"https:\/\/www.egemtv.com\/index.php?rest_route=%2Fwp%2Fv2%2Fcategories&post=18227"},{"taxonomy":"post_tag","embeddable":true,"href":"https:\/\/www.egemtv.com\/index.php?rest_route=%2Fwp%2Fv2%2Ftags&post=18227"}],"curies":[{"name":"wp","href":"https:\/\/api.w.org\/{rel}","templated":true}]}}