{"id":18224,"date":"2025-02-13T08:51:24","date_gmt":"2025-02-13T05:51:24","guid":{"rendered":"https:\/\/www.egemtv.com\/?p=18224"},"modified":"2025-02-13T08:51:30","modified_gmt":"2025-02-13T05:51:30","slug":"once-isinip-sonra-isbasina-geciyorlar","status":"publish","type":"post","link":"https:\/\/www.egemtv.com\/?p=18224","title":{"rendered":"\u00d6nce \u0131s\u0131n\u0131p sonra i\u015fba\u015f\u0131na ge\u00e7iyorlar"},"content":{"rendered":"<p>Manisa\u2019n\u0131n Sar\u0131g\u00f6l il\u00e7esinde \u00fcz\u00fcm ba\u011flar\u0131nda budama i\u015fiyle u\u011fra\u015fan kad\u0131n i\u015f\u00e7iler, so\u011fuk hava \u015fartlar\u0131yla m\u00fccadele ediyor.<br \/>\n<br \/>Sar\u0131g\u00f6l\u2019de ba\u011f budama i\u015finde \u00e7al\u0131\u015fan ve sabah\u0131n erken saatlerinde i\u015fba\u015f\u0131 yapan kad\u0131nlar, so\u011fuktan korunmak i\u00e7in ilk i\u015f olarak ba\u011fdaki \u00e7ubuklar\u0131 yak\u0131p etraf\u0131nda \u0131s\u0131n\u0131yor.<br \/>\n<br \/>10\u2019ar veya 20\u2019\u015fer ki\u015filik gruplar halinde \u00e7al\u0131\u015fan kad\u0131nlar, i\u015fe ba\u015flamadan \u00f6nce ba\u011flardan toplad\u0131klar\u0131 \u00e7ubuklar\u0131 bir araya getirip yak\u0131yor. Yakt\u0131klar\u0131 ate\u015fin etraf\u0131nda toplanarak \u0131s\u0131nan i\u015f\u00e7iler, so\u011fuk havan\u0131n etkisini azaltmaya \u00e7al\u0131\u015f\u0131yor.<br \/>\n<br \/>Day\u0131ba\u015f\u0131 \u00d6zcan Akda\u011f, &#8220;Art\u0131k sabahlar\u0131 ayaz olmaya ba\u015flad\u0131. So\u011fuklar kendini hissettiriyor. \u0130\u015f\u00e7i arkada\u015flar ba\u011flara geldi\u011finde \u00f6nce \u0131s\u0131n\u0131yorlar sonra \u00e7al\u0131\u015fmaya ba\u015fl\u0131yorlar&#8221; dedi.<br \/>\n<br \/>Tar\u0131m i\u015f\u00e7ileri ise, &#8220;Is\u0131nmadan olmuyor, ellerimiz uyu\u015fuyor. Is\u0131nd\u0131ktan sonra \u00e7al\u0131\u015fmaya ba\u015fl\u0131yoruz. Ger\u00e7ekten sabahlar\u0131 ayaz \u00e7ok oluyor&#8221; ifadelerini kulland\u0131.<br \/><\/p>\n","protected":false},"excerpt":{"rendered":"<p>Manisa\u2019n\u0131n Sar\u0131g\u00f6l il\u00e7esinde \u00fcz\u00fcm ba\u011flar\u0131nda budama i\u015fiyle u\u011fra\u015fan kad\u0131n i\u015f\u00e7iler, so\u011fuk hava \u015fartlar\u0131yla m\u00fccadele ediyor. Sar\u0131g\u00f6l\u2019de ba\u011f budama i\u015finde \u00e7al\u0131\u015fan ve sabah\u0131n erken saatlerinde i\u015fba\u015f\u0131 yapan kad\u0131nlar, so\u011fuktan korunmak i\u00e7in ilk i\u015f olarak ba\u011fdaki \u00e7ubuklar\u0131 yak\u0131p etraf\u0131nda \u0131s\u0131n\u0131yor. 10\u2019ar veya 20\u2019\u015fer ki\u015filik gruplar halinde \u00e7al\u0131\u015fan kad\u0131nlar, i\u015fe ba\u015flamadan \u00f6nce ba\u011flardan toplad\u0131klar\u0131 \u00e7ubuklar\u0131 bir araya getirip&#8230;<\/p>\n","protected":false},"author":1,"featured_media":18225,"comment_status":"open","ping_status":"open","sticky":false,"template":"","format":"standard","meta":{"_crdt_document":"","footnotes":""},"categories":[125],"tags":[],"class_list":["post-18224","post","type-post","status-publish","format-standard","has-post-thumbnail","hentry","category-ekonomi"],"_links":{"self":[{"href":"https:\/\/www.egemtv.com\/index.php?rest_route=\/wp\/v2\/posts\/18224","targetHints":{"allow":["GET"]}}],"collection":[{"href":"https:\/\/www.egemtv.com\/index.php?rest_route=\/wp\/v2\/posts"}],"about":[{"href":"https:\/\/www.egemtv.com\/index.php?rest_route=\/wp\/v2\/types\/post"}],"author":[{"embeddable":true,"href":"https:\/\/www.egemtv.com\/index.php?rest_route=\/wp\/v2\/users\/1"}],"replies":[{"embeddable":true,"href":"https:\/\/www.egemtv.com\/index.php?rest_route=%2Fwp%2Fv2%2Fcomments&post=18224"}],"version-history":[{"count":1,"href":"https:\/\/www.egemtv.com\/index.php?rest_route=\/wp\/v2\/posts\/18224\/revisions"}],"predecessor-version":[{"id":18226,"href":"https:\/\/www.egemtv.com\/index.php?rest_route=\/wp\/v2\/posts\/18224\/revisions\/18226"}],"wp:featuredmedia":[{"embeddable":true,"href":"https:\/\/www.egemtv.com\/index.php?rest_route=\/wp\/v2\/media\/18225"}],"wp:attachment":[{"href":"https:\/\/www.egemtv.com\/index.php?rest_route=%2Fwp%2Fv2%2Fmedia&parent=18224"}],"wp:term":[{"taxonomy":"category","embeddable":true,"href":"https:\/\/www.egemtv.com\/index.php?rest_route=%2Fwp%2Fv2%2Fcategories&post=18224"},{"taxonomy":"post_tag","embeddable":true,"href":"https:\/\/www.egemtv.com\/index.php?rest_route=%2Fwp%2Fv2%2Ftags&post=18224"}],"curies":[{"name":"wp","href":"https:\/\/api.w.org\/{rel}","templated":true}]}}