{"id":18221,"date":"2025-02-13T08:46:16","date_gmt":"2025-02-13T05:46:16","guid":{"rendered":"https:\/\/www.egemtv.com\/?p=18221"},"modified":"2025-02-13T08:46:21","modified_gmt":"2025-02-13T05:46:21","slug":"alasehirde-otizm-hakkinda-her-sey-calistayi-duzenlendi","status":"publish","type":"post","link":"https:\/\/www.egemtv.com\/?p=18221","title":{"rendered":"Ala\u015fehir\u2019de \u2019Otizm hakk\u0131nda her \u015fey\u2019 \u00e7al\u0131\u015ftay\u0131 d\u00fczenlendi"},"content":{"rendered":"<p>Manisa\u2019n\u0131n Ala\u015fehir il\u00e7esinde \u2019Otizm hakk\u0131nda her \u015fey\u2019 \u00e7al\u0131\u015ftay\u0131 d\u00fczenlendi.<br \/>\n<br \/>\u00c7al\u0131\u015ftay, Ala\u015fehir Belediyesi Kad\u0131n ve Aile Hizmetleri M\u00fcd\u00fcrl\u00fc\u011f\u00fc, \u0130l\u00e7e Sa\u011fl\u0131k M\u00fcd\u00fcrl\u00fc\u011f\u00fc ve Ala\u015fehir Rehberlik ve Ara\u015ft\u0131rma Merkezi i\u015f birli\u011fiyle d\u00fczenlendi.<br \/>\n<br \/>\u015eehit Fethi Sekin Gen\u00e7lik Merkezi\u2019nde yap\u0131lan \u00c7al\u0131\u015ftaya Ala\u015fehir Belediye Ba\u015fkan Yard\u0131mc\u0131s\u0131 Erol Kacar, Ala\u015fehir \u0130l\u00e7e Sa\u011fl\u0131k M\u00fcd\u00fcr\u00fc Dr. S\u00fcleyman \u00c7a\u011fr\u0131 Bozkurt, \u0130l\u00e7e Milli E\u011fitim M\u00fcd\u00fcr\u00fc Fikri \u00c7etinkaya,  Ala\u015fehir RAM M\u00fcd\u00fcr\u00fc Ali R\u0131za T\u00fcrkol ve vatanda\u015flar kat\u0131ld\u0131.<\/p>\n<p>Uzmanlar otizmi anlatt\u0131<br \/>\n<br \/>Otizm hakk\u0131nda her \u015fey isimli \u00e7al\u0131\u015ftaya kat\u0131lan \u00c7ocuk ve Ergen Psikiyatristi Cans\u0131n Kardelen Akyol, &#8220;Tan\u0131lama s\u00fcreci, otizmin etiyolojisi, tedavisi, ila\u00e7 kullan\u0131m\u0131,  faydalar\u0131 ve beklenmedik etkileri, otizme e\u015flik eden di\u011fer rahats\u0131zl\u0131klar, uyku d\u00fczeni ve uyku d\u00fczensizli\u011fi, prognoz \u00e7izme, ilerleyen ya\u015flarda otizm&#8221;, Psikolog G\u00fclperi F\u0131rt\u0131na, &#8220;Tan\u0131lama sonras\u0131 aile deste\u011fi ile \u00e7ocukta ve ailede beklenen olas\u0131 de\u011fi\u015fimler, psikoterapi g\u00f6r\u00fc\u015fmeleri ile s\u00fcrece uyum, Aileler bu s\u00fcre\u00e7te ne ya\u015f\u0131yor ailelerin toplumsal anlamda izolasyonu, nas\u0131l ba\u015fedebilirler? Fark\u0131ndal\u0131k uygulamalar\u0131, bili\u015fsel yeniden yap\u0131land\u0131rma. Karde\u015fin \u00fczerindeki ilginin azalmas\u0131&#8221;, Sosyal \u00c7al\u0131\u015fmac\u0131 Bahar Girgin, &#8220;Maddi ve ayni yard\u0131mlar, toplumda fark\u0131ndal\u0131k \u00e7al\u0131\u015fmalar\u0131n\u0131n \u00f6nemi, ailelerin ve \u00e7ocuklar\u0131n sosyalle\u015fmeleri. Belediye olarak rehberlik ve y\u00f6nlendirme&#8221;, Diyetisyen Mustafa T\u00fcrker, &#8220;Gebelik \u00f6ncesi beslenme, gebelik s\u00fcrecinde beslenme, emzirme d\u00f6neminde beslenme, otizmli \u00e7ocu\u011fun beslenme al\u0131\u015fkanl\u0131\u011f\u0131 ve bunlar\u0131n etkisi&#8221;, Uzman \u00d6zel E\u011fitim \u00d6\u011fretmeni Ay\u015fen Ild\u0131z, &#8220;Davran\u0131\u015f de\u011fi\u015ftirme y\u00f6ntemleri, ailenin \u00f6\u011fretmenle e\u015fg\u00fcd\u00fcml\u00fcl\u00fc\u011f\u00fcn \u00e7ocu\u011fa faydalar\u0131, ailenin \u00f6zel e\u011fitim alan\u0131nda haklar\u0131n\u0131n fark\u0131nda olmas\u0131, s\u0131n\u0131ftaki problem g\u00f6sterdi\u011fi d\u00fc\u015f\u00fcn\u00fclen di\u011fer \u00f6\u011frencilere y\u00f6nelik uyum, atl\u0131 terapi, spor gibi \u00e7ocu\u011fun ruhsal geli\u015fimine katk\u0131 sa\u011flayan sa\u011falt\u0131m \u00e7al\u0131\u015fmalar\u0131, \u00e7ocu\u011fun hemen iyi olaca\u011f\u0131m alg\u0131s\u0131&#8221;, \u00c7ocuk Geli\u015fimci Cennet G\u00f6\u00e7er, &#8220;Erken \u00e7ocukluk d\u00f6neminde otizmin belirtilerini fark etme, otizmin belirtilerinin tespit edilip s\u00fcrecin aktar\u0131m\u0131, erken tan\u0131laman\u0131n \u00e7ocu\u011fun hayat\u0131na etkileri, ortak dikkat becerilerinin geli\u015ftirilmesi&#8221;, Psikolojik Dan\u0131\u015fman Olcay Eren Bayo\u011flu, &#8220;S\u00fcreci kabullenme, \u00e7evre bask\u0131s\u0131, di\u011fer \u00e7ocuklarla kayna\u015fma, vicdan (s\u00fcrekli duygusal yakla\u015f\u0131mla iyile\u015fmeyi geciktirme)&#8221; konular\u0131 hakk\u0131nda konu\u015fma yapt\u0131.<\/p>\n<p>\u00c7al\u0131\u015ftay soru cevap y\u00f6ntemiyle sona erdi<br \/>\n<br \/>Ala\u015fehir Rehberlik ve Ara\u015ft\u0131rma M\u00fcd\u00fcr\u00fc Ali R\u0131za T\u00fcrkol, &#8220;Ba\u015fta projenin mimarlar\u0131 olan kurumumuz psikolojik dan\u0131\u015fman\u0131 Olcay Eren Bayo\u011flu ve Ala\u015fehir Belediyesi Kad\u0131n ve Aile Hizmetleri M\u00fcd\u00fcr\u00fc Bar\u0131\u015f  Uzgidim\u2019i bu projeyi haz\u0131rlad\u0131klar\u0131 i\u00e7in kutluyorum. Kurumlar aras\u0131 i\u015fbirli\u011fi ile \u00fc\u00e7 a\u015famal\u0131 sosyal sorumluluk projemizin bu g\u00fcn ikincisini ger\u00e7ekle\u015ftirdik. \u00dc\u00e7 \u015famal\u0131 olarak yap\u0131lacak \u00e7al\u0131\u015fmalarda ge\u00e7ti\u011fimiz g\u00fcnlerde yapt\u0131\u011f\u0131m\u0131z ilk etkinlikte zihinsel engelli \u00e7ocuklar ile \u00fcst\u00fcn zek\u00e2l\u0131 \u00e7ocuklar ebru sanat\u0131 arac\u0131l\u0131\u011f\u0131yla bir araya getirilerek bir \u00e7al\u0131\u015fma yap\u0131lm\u0131\u015ft\u0131. \u00d6n\u00fcm\u00fczdeki g\u00fcnlerde yap\u0131lmas\u0131 planlanan \u00fc\u00e7\u00fcnc\u00fc etkinlikte Rehberlik Ara\u015ft\u0131rma Merkezi ile Ala\u015fehir Belediyesi Kad\u0131n ve Aile Hizmetleri M\u00fcd\u00fcrl\u00fc\u011f\u00fc i\u015f birli\u011fi ile bir i\u015faret dili kursu d\u00fczenlenecek. Ayn\u0131 zamanda, zaman zaman konu\u015fma kursu etkinlikleri de planlanarak ileti\u015fimde ya\u015fanan engelleri a\u015fmaya y\u00f6nelik destekleyici \u00e7al\u0131\u015fmalar ger\u00e7ekle\u015ftirilecek. T\u00fcm bu projeler, \u00f6zellikle dezavantajl\u0131 ailelere ula\u015fmay\u0131 ve onlar\u0131n hayat\u0131n\u0131 kolayla\u015ft\u0131rmay\u0131 hedeflemektedir. Soru cevap y\u00f6ntemiyle \u00e7al\u0131\u015fmalar peki\u015ftirildi. Bu etkinli\u011fimizde, Ala\u015fehir Belediyesi, \u0130l\u00e7e Sa\u011fl\u0131k M\u00fcd\u00fcrl\u00fc\u011f\u00fc ve \u0130l\u00e7e Milli E\u011fitim M\u00fcd\u00fcrl\u00fc\u011f\u00fc gibi kurumlar bizlere destek verdi. Eme\u011fi ge\u00e7en ve \u00e7al\u0131\u015fmalar\u0131m\u0131za katk\u0131 sa\u011flayan herkese te\u015fekk\u00fcr ederiz.&#8221; dedi.<br \/><\/p>\n","protected":false},"excerpt":{"rendered":"<p>Manisa\u2019n\u0131n Ala\u015fehir il\u00e7esinde \u2019Otizm hakk\u0131nda her \u015fey\u2019 \u00e7al\u0131\u015ftay\u0131 d\u00fczenlendi. \u00c7al\u0131\u015ftay, Ala\u015fehir Belediyesi Kad\u0131n ve Aile Hizmetleri M\u00fcd\u00fcrl\u00fc\u011f\u00fc, \u0130l\u00e7e Sa\u011fl\u0131k M\u00fcd\u00fcrl\u00fc\u011f\u00fc ve Ala\u015fehir Rehberlik ve Ara\u015ft\u0131rma Merkezi i\u015f birli\u011fiyle d\u00fczenlendi. \u015eehit Fethi Sekin Gen\u00e7lik Merkezi\u2019nde yap\u0131lan \u00c7al\u0131\u015ftaya Ala\u015fehir Belediye Ba\u015fkan Yard\u0131mc\u0131s\u0131 Erol Kacar, Ala\u015fehir \u0130l\u00e7e Sa\u011fl\u0131k M\u00fcd\u00fcr\u00fc Dr. S\u00fcleyman \u00c7a\u011fr\u0131 Bozkurt, \u0130l\u00e7e Milli E\u011fitim M\u00fcd\u00fcr\u00fc Fikri&#8230;<\/p>\n","protected":false},"author":1,"featured_media":18222,"comment_status":"open","ping_status":"open","sticky":false,"template":"","format":"standard","meta":{"_crdt_document":"","footnotes":""},"categories":[1],"tags":[],"class_list":["post-18221","post","type-post","status-publish","format-standard","has-post-thumbnail","hentry","category-guncel"],"_links":{"self":[{"href":"https:\/\/www.egemtv.com\/index.php?rest_route=\/wp\/v2\/posts\/18221","targetHints":{"allow":["GET"]}}],"collection":[{"href":"https:\/\/www.egemtv.com\/index.php?rest_route=\/wp\/v2\/posts"}],"about":[{"href":"https:\/\/www.egemtv.com\/index.php?rest_route=\/wp\/v2\/types\/post"}],"author":[{"embeddable":true,"href":"https:\/\/www.egemtv.com\/index.php?rest_route=\/wp\/v2\/users\/1"}],"replies":[{"embeddable":true,"href":"https:\/\/www.egemtv.com\/index.php?rest_route=%2Fwp%2Fv2%2Fcomments&post=18221"}],"version-history":[{"count":1,"href":"https:\/\/www.egemtv.com\/index.php?rest_route=\/wp\/v2\/posts\/18221\/revisions"}],"predecessor-version":[{"id":18223,"href":"https:\/\/www.egemtv.com\/index.php?rest_route=\/wp\/v2\/posts\/18221\/revisions\/18223"}],"wp:featuredmedia":[{"embeddable":true,"href":"https:\/\/www.egemtv.com\/index.php?rest_route=\/wp\/v2\/media\/18222"}],"wp:attachment":[{"href":"https:\/\/www.egemtv.com\/index.php?rest_route=%2Fwp%2Fv2%2Fmedia&parent=18221"}],"wp:term":[{"taxonomy":"category","embeddable":true,"href":"https:\/\/www.egemtv.com\/index.php?rest_route=%2Fwp%2Fv2%2Fcategories&post=18221"},{"taxonomy":"post_tag","embeddable":true,"href":"https:\/\/www.egemtv.com\/index.php?rest_route=%2Fwp%2Fv2%2Ftags&post=18221"}],"curies":[{"name":"wp","href":"https:\/\/api.w.org\/{rel}","templated":true}]}}