{"id":18218,"date":"2025-02-13T08:46:10","date_gmt":"2025-02-13T05:46:10","guid":{"rendered":"https:\/\/www.egemtv.com\/?p=18218"},"modified":"2025-02-13T08:46:16","modified_gmt":"2025-02-13T05:46:16","slug":"ogrencilerden-kaymakam-dalak-ile-roportaj","status":"publish","type":"post","link":"https:\/\/www.egemtv.com\/?p=18218","title":{"rendered":"\u00d6\u011frencilerden Kaymakam Dalak ile r\u00f6portaj"},"content":{"rendered":"<p>Sar\u0131g\u00f6l Kaymakam\u0131 Halil Dalak, 12 Mart \u0130stiklal Mar\u015f\u0131\u2019n\u0131n Kabul\u00fc ve Mehmet Akif Ersoy\u2019u Anma G\u00fcn\u00fc etkinlikleri kapsam\u0131nda Milli Egemenlik \u00c7ok Programl\u0131 Anadolu Lisesi \u00f6\u011frencileriyle bir araya geldi.<br \/>\n<br \/>Kaymakam Dalak, r\u00f6portajda \u0130stiklal Mar\u015f\u0131\u2019n\u0131n milli birlik ve beraberlik a\u00e7\u0131s\u0131ndan ta\u015f\u0131d\u0131\u011f\u0131 \u00f6nemi vurgulad\u0131. Mehmet Akif Ersoy\u2019un vatan sevgisi ve ba\u011f\u0131ms\u0131zl\u0131k m\u00fccadelesine olan katk\u0131lar\u0131na dikkat \u00e7ekti. \u00d6\u011frencilerle samimi bir sohbet ger\u00e7ekle\u015ftiren Dalak, gen\u00e7 neslin milli de\u011ferleri anlamas\u0131 ve sahiplenmesi gerekti\u011fini belirtti.<br \/>\n<br \/>\u00d6\u011frencilerin sorular\u0131n\u0131 da yan\u0131tlayan Kaymakam Halil Dalak, milli egemenlik, ba\u011f\u0131ms\u0131zl\u0131k ruhu ve vatan sevgisi konular\u0131nda g\u00f6r\u00fc\u015flerini payla\u015ft\u0131. Gen\u00e7lerin bu de\u011ferlere sahip \u00e7\u0131kmas\u0131n\u0131n \u00f6nemini dile getirdi.<br \/>\n<br \/>Etkinlik \u00f6\u011frencilerin ilgisi ve kat\u0131l\u0131m\u0131yla verimli bir \u015fekilde tamamland\u0131. Kaymakam Dalak, gen\u00e7lerle bir araya gelmekten duydu\u011fu memnuniyeti ifade etti. \u00d6\u011frenciler ise ilk kez bir kaymakam ile r\u00f6portaj yapman\u0131n heyecan\u0131n\u0131 ya\u015fad\u0131.<br \/><\/p>\n","protected":false},"excerpt":{"rendered":"<p>Sar\u0131g\u00f6l Kaymakam\u0131 Halil Dalak, 12 Mart \u0130stiklal Mar\u015f\u0131\u2019n\u0131n Kabul\u00fc ve Mehmet Akif Ersoy\u2019u Anma G\u00fcn\u00fc etkinlikleri kapsam\u0131nda Milli Egemenlik \u00c7ok Programl\u0131 Anadolu Lisesi \u00f6\u011frencileriyle bir araya geldi. Kaymakam Dalak, r\u00f6portajda \u0130stiklal Mar\u015f\u0131\u2019n\u0131n milli birlik ve beraberlik a\u00e7\u0131s\u0131ndan ta\u015f\u0131d\u0131\u011f\u0131 \u00f6nemi vurgulad\u0131. Mehmet Akif Ersoy\u2019un vatan sevgisi ve ba\u011f\u0131ms\u0131zl\u0131k m\u00fccadelesine olan katk\u0131lar\u0131na dikkat \u00e7ekti. \u00d6\u011frencilerle samimi bir&#8230;<\/p>\n","protected":false},"author":1,"featured_media":18219,"comment_status":"open","ping_status":"open","sticky":false,"template":"","format":"standard","meta":{"_crdt_document":"","footnotes":""},"categories":[1],"tags":[],"class_list":["post-18218","post","type-post","status-publish","format-standard","has-post-thumbnail","hentry","category-guncel"],"_links":{"self":[{"href":"https:\/\/www.egemtv.com\/index.php?rest_route=\/wp\/v2\/posts\/18218","targetHints":{"allow":["GET"]}}],"collection":[{"href":"https:\/\/www.egemtv.com\/index.php?rest_route=\/wp\/v2\/posts"}],"about":[{"href":"https:\/\/www.egemtv.com\/index.php?rest_route=\/wp\/v2\/types\/post"}],"author":[{"embeddable":true,"href":"https:\/\/www.egemtv.com\/index.php?rest_route=\/wp\/v2\/users\/1"}],"replies":[{"embeddable":true,"href":"https:\/\/www.egemtv.com\/index.php?rest_route=%2Fwp%2Fv2%2Fcomments&post=18218"}],"version-history":[{"count":1,"href":"https:\/\/www.egemtv.com\/index.php?rest_route=\/wp\/v2\/posts\/18218\/revisions"}],"predecessor-version":[{"id":18220,"href":"https:\/\/www.egemtv.com\/index.php?rest_route=\/wp\/v2\/posts\/18218\/revisions\/18220"}],"wp:featuredmedia":[{"embeddable":true,"href":"https:\/\/www.egemtv.com\/index.php?rest_route=\/wp\/v2\/media\/18219"}],"wp:attachment":[{"href":"https:\/\/www.egemtv.com\/index.php?rest_route=%2Fwp%2Fv2%2Fmedia&parent=18218"}],"wp:term":[{"taxonomy":"category","embeddable":true,"href":"https:\/\/www.egemtv.com\/index.php?rest_route=%2Fwp%2Fv2%2Fcategories&post=18218"},{"taxonomy":"post_tag","embeddable":true,"href":"https:\/\/www.egemtv.com\/index.php?rest_route=%2Fwp%2Fv2%2Ftags&post=18218"}],"curies":[{"name":"wp","href":"https:\/\/api.w.org\/{rel}","templated":true}]}}